{"id":41061,"date":"2018-09-30T22:34:36","date_gmt":"2018-10-01T01:34:36","guid":{"rendered":"https:\/\/eldiariodesanpedro.com.ar\/sitio\/?p=41061"},"modified":"2018-09-30T22:34:36","modified_gmt":"2018-10-01T01:34:36","slug":"exitosa-15o-edicion-del-san-pedro-country-music-festival","status":"publish","type":"post","link":"https:\/\/eldiariodesanpedro.com.ar\/sitio\/exitosa-15o-edicion-del-san-pedro-country-music-festival\/","title":{"rendered":"Exitosa 15\u00ba Edici\u00f3n del San Pedro Country Music Festival"},"content":{"rendered":"<p><!-- VideographyWP Plugin Message: Automatic video embedding prevented by plugin options. --><br \/>\nCon un Paseo P\u00fablico colmado durante las 3 jornadas, el 15to. San Pedro Country Music Festival 2018 fue totalmente un \u00e9xito a pesar de los factores clim\u00e1ticos. <\/p>\n<p>  La primera jornada se desarroll\u00f3 tal cual se la hab\u00eda programado con el total de la grilla y con una temperatura veraniega, donde ya desde ese d\u00eda se pod\u00eda adivinar que esta nueva edici\u00f3n no escapar\u00eda al \u00e9xito que ya tiene el reconocido festival en todo Am\u00e9rica Latina.<br \/>\n  Desde horas tempranas del viernes ya se empezaban a divisar los turistas que recorr\u00edan la zona de costanera hasta el horario del comienzo del evento y, como se esperaba, una gran cantidad de visitantes y sampedrinos estuvieron en la primera jornada.<\/p>\n<p>  El s\u00e1bado comenz\u00f3 de manera muy complicada, como ya lo preve\u00eda el pron\u00f3stico clim\u00e1tico, las dos primeras jornadas se mantuvo el alerta meteorol\u00f3gico que, en efecto, caus\u00f3 destrozos en toda la zona c\u00e9ntrica de la Provincia y que, azot\u00f3 la regi\u00f3n con una gran tormenta y gran cantidad de agua ca\u00edda en muy pocos minutos.<br \/>\n  A pesar del barro y la acumulaci\u00f3n de agua en diferentes puntos del Paseo P\u00fablico, entre idas y venidas decidiendo si mudar el evento al Club Independencia o no, finalmente al mediod\u00eda se decidi\u00f3 continuar en el mismo lugar, siendo esto un gran acierto, ya que durante toda la jornada del s\u00e1bado no cay\u00f3 una sola gota y hasta por momentos hubo un sol radiante.<br \/>\n  Una segunda jornada completamente colmada de turistas, con carpas por toda la zona costera, comercios y restaurantes llenos de visitantes de otras ciudades, a\u00fan habi\u00e9ndose ca\u00eddo parte de las reservas a hoteles y caba\u00f1as, seg\u00fan coment\u00f3 a El Diario de San Pedro la Directora de Turismo Marcela Cu\u00f1er.<br \/>\n  Mientras tanto, los shows comenzaron a las 14 hs con algunas modificaciones en la grilla. De cualquier manera, una gran calidad de espect\u00e1culos, como ya nos tiene acostumbrados Gustavo Laurino y su equipo de trabajo.<br \/>\n  Tambi\u00e9n en esta jornada se present\u00f3 uno de los principales y esperados n\u00fameros, la actuaci\u00f3n de Jonny Kaplan &#038; The Lazy Stars. El ex Blind Melon y el cierre con el gran Johnny Tedesco. Adem\u00e1s, estuvieron presentes artistas locales: King Bee, Feli Rolfo y Basiliki San Folk.<\/p>\n<p>  Llegando a la \u00faltima jornada el clima volvi\u00f3 a jugar una mala pasada. El domingo fue un d\u00eda completamente h\u00famedo, con suaves precipitaciones, pero esto no empa\u00f1\u00f3 el \u00e9xito de la fiesta, ya que se pudo apreciar la misma cantidad de p\u00fablico que la segunda jornada, s\u00f3lo que esta vez con una mayor cantidad de p\u00fablico sampedrino que se mezcl\u00f3 con los turistas, que colmaron el fin de semana en familia, con amigos, con el cl\u00e1sico sombrero y con muy buena predisposici\u00f3n, no les importaba el barro o la amenaza clim\u00e1tica sino, la m\u00fasica y la camarader\u00eda.<br \/>\n  El escenario present\u00f3 grandes artistas desde las 11.30 hs. con Orlando Cuti &#038; The Grovve Seekers. Por el escenario pasaron viejos amigos del festival como Gabriel Taborda, Gabriel Gatzer, Billy La Rocka y Rodrigo Haddad. Para el cierre quedaron los shows de Wanted y de Yulie Ruth y las Ruedas del Sur. Como en cada a\u00f1o, ya es tradici\u00f3n el cierre con todos los artistas sobre el escenario cantando una canci\u00f3n al un\u00edsono.<\/p>\n<p>  En resumen, la fiesta vuelve a tener el \u00e9xito que tiene cada a\u00f1o, s\u00f3lo que en esta oportunidad el clima mantuvo en vilo a toda una ciudad. San Pedro se vio una vez m\u00e1s vestida de los tradicionales sombreros y la zona costera con una gran cantidad de p\u00fablico constantemente.<br \/>\n  La ciudad fue beneficiada por los visitantes, a pesar de las quejas de vecinos por carpas en lugares indebidos y otros detalles que fueron m\u00ednimos, teniendo en cuenta que no se registraron hechos delictivos ni ning\u00fan tipo de inconveniente entre las personas del p\u00fablico.<\/p>\n","protected":false},"excerpt":{"rendered":"<p>Con un Paseo P\u00fablico colmado durante las 3 jornadas, el 15to. San Pedro Country Music Festival 2018 fue totalmente un \u00e9xito a pesar de los factores clim\u00e1ticos. La primera jornada se desarroll\u00f3 tal cual se la hab\u00eda programado con el total de la grilla y con una temperatura veraniega, donde ya desde ese d\u00eda se [&hellip;]<\/p>\n","protected":false},"author":4,"featured_media":41062,"comment_status":"open","ping_status":"closed","sticky":false,"template":"","format":"standard","meta":{"om_disable_all_campaigns":false,"_jetpack_memberships_contains_paid_content":false,"footnotes":""},"categories":[50,101,2],"tags":[],"class_list":["post-41061","post","type-post","status-publish","format-standard","has-post-thumbnail","hentry","category-destacadas","category-interes-general-locales","category-locales"],"aioseo_notices":[],"gutentor_comment":0,"jetpack_featured_media_url":"https:\/\/eldiariodesanpedro.com.ar\/sitio\/wp-content\/uploads\/2018\/09\/Country-e1538357647461.jpg","jetpack_shortlink":"https:\/\/wp.me\/p6RhLt-aGh","jetpack_sharing_enabled":true,"_links":{"self":[{"href":"https:\/\/eldiariodesanpedro.com.ar\/sitio\/wp-json\/wp\/v2\/posts\/41061","targetHints":{"allow":["GET"]}}],"collection":[{"href":"https:\/\/eldiariodesanpedro.com.ar\/sitio\/wp-json\/wp\/v2\/posts"}],"about":[{"href":"https:\/\/eldiariodesanpedro.com.ar\/sitio\/wp-json\/wp\/v2\/types\/post"}],"author":[{"embeddable":true,"href":"https:\/\/eldiariodesanpedro.com.ar\/sitio\/wp-json\/wp\/v2\/users\/4"}],"replies":[{"embeddable":true,"href":"https:\/\/eldiariodesanpedro.com.ar\/sitio\/wp-json\/wp\/v2\/comments?post=41061"}],"version-history":[{"count":1,"href":"https:\/\/eldiariodesanpedro.com.ar\/sitio\/wp-json\/wp\/v2\/posts\/41061\/revisions"}],"predecessor-version":[{"id":41063,"href":"https:\/\/eldiariodesanpedro.com.ar\/sitio\/wp-json\/wp\/v2\/posts\/41061\/revisions\/41063"}],"wp:featuredmedia":[{"embeddable":true,"href":"https:\/\/eldiariodesanpedro.com.ar\/sitio\/wp-json\/wp\/v2\/media\/41062"}],"wp:attachment":[{"href":"https:\/\/eldiariodesanpedro.com.ar\/sitio\/wp-json\/wp\/v2\/media?parent=41061"}],"wp:term":[{"taxonomy":"category","embeddable":true,"href":"https:\/\/eldiariodesanpedro.com.ar\/sitio\/wp-json\/wp\/v2\/categories?post=41061"},{"taxonomy":"post_tag","embeddable":true,"href":"https:\/\/eldiariodesanpedro.com.ar\/sitio\/wp-json\/wp\/v2\/tags?post=41061"}],"curies":[{"name":"wp","href":"https:\/\/api.w.org\/{rel}","templated":true}]}}