{"id":41058,"date":"2018-09-30T20:19:52","date_gmt":"2018-09-30T23:19:52","guid":{"rendered":"https:\/\/eldiariodesanpedro.com.ar\/sitio\/?p=41058"},"modified":"2018-09-30T20:19:52","modified_gmt":"2018-09-30T23:19:52","slug":"una-joven-detenida-tras-ingresar-a-robar-a-la-escuela-7","status":"publish","type":"post","link":"https:\/\/eldiariodesanpedro.com.ar\/sitio\/una-joven-detenida-tras-ingresar-a-robar-a-la-escuela-7\/","title":{"rendered":"Una joven detenida tras ingresar a robar a la Escuela 7"},"content":{"rendered":"<p><!-- VideographyWP Plugin Message: Automatic video embedding prevented by plugin options. --><br \/>\nEste s\u00e1bado en alrededor de las 10:50 hs., personal policial fue alertado sobre la presencia no autorizada en el interior de un establecimiento educativo ubicado sobre calle Mitre al 1900.<br \/>\n  All\u00ed, se aprehendi\u00f3 a una jovencita de 14 a\u00f1os que pose\u00eda en su poder diferentes elementos de limpieza que hab\u00edan sido sustra\u00eddos sin violencia del establecimiento. Al parecer, la joven hab\u00eda saltado el cerco perimetral de ladrillo para ingresar.<br \/>\n  La joven delincuente fue trasladada a la seccional policial y fue puesta a disposici\u00f3n de la Fiscal\u00eda Juvenil de San Nicol\u00e1s. Tras cumplimentarse los recaudos legales, fue entregada a sus responsables.<\/p>\n","protected":false},"excerpt":{"rendered":"<p>Este s\u00e1bado en alrededor de las 10:50 hs., personal policial fue alertado sobre la presencia no autorizada en el interior de un establecimiento educativo ubicado sobre calle Mitre al 1900. All\u00ed, se aprehendi\u00f3 a una jovencita de 14 a\u00f1os que pose\u00eda en su poder diferentes elementos de limpieza que hab\u00edan sido sustra\u00eddos sin violencia del [&hellip;]<\/p>\n","protected":false},"author":4,"featured_media":20413,"comment_status":"open","ping_status":"closed","sticky":false,"template":"","format":"standard","meta":{"om_disable_all_campaigns":false,"_jetpack_memberships_contains_paid_content":false,"footnotes":""},"categories":[2,103],"tags":[],"class_list":["post-41058","post","type-post","status-publish","format-standard","has-post-thumbnail","hentry","category-locales","category-policiales-locales"],"aioseo_notices":[],"gutentor_comment":0,"jetpack_featured_media_url":"https:\/\/eldiariodesanpedro.com.ar\/sitio\/wp-content\/uploads\/2017\/07\/Mujer-detenida-ilustrativa.jpg","jetpack_shortlink":"https:\/\/wp.me\/p6RhLt-aGe","jetpack_sharing_enabled":true,"_links":{"self":[{"href":"https:\/\/eldiariodesanpedro.com.ar\/sitio\/wp-json\/wp\/v2\/posts\/41058","targetHints":{"allow":["GET"]}}],"collection":[{"href":"https:\/\/eldiariodesanpedro.com.ar\/sitio\/wp-json\/wp\/v2\/posts"}],"about":[{"href":"https:\/\/eldiariodesanpedro.com.ar\/sitio\/wp-json\/wp\/v2\/types\/post"}],"author":[{"embeddable":true,"href":"https:\/\/eldiariodesanpedro.com.ar\/sitio\/wp-json\/wp\/v2\/users\/4"}],"replies":[{"embeddable":true,"href":"https:\/\/eldiariodesanpedro.com.ar\/sitio\/wp-json\/wp\/v2\/comments?post=41058"}],"version-history":[{"count":1,"href":"https:\/\/eldiariodesanpedro.com.ar\/sitio\/wp-json\/wp\/v2\/posts\/41058\/revisions"}],"predecessor-version":[{"id":41059,"href":"https:\/\/eldiariodesanpedro.com.ar\/sitio\/wp-json\/wp\/v2\/posts\/41058\/revisions\/41059"}],"wp:featuredmedia":[{"embeddable":true,"href":"https:\/\/eldiariodesanpedro.com.ar\/sitio\/wp-json\/wp\/v2\/media\/20413"}],"wp:attachment":[{"href":"https:\/\/eldiariodesanpedro.com.ar\/sitio\/wp-json\/wp\/v2\/media?parent=41058"}],"wp:term":[{"taxonomy":"category","embeddable":true,"href":"https:\/\/eldiariodesanpedro.com.ar\/sitio\/wp-json\/wp\/v2\/categories?post=41058"},{"taxonomy":"post_tag","embeddable":true,"href":"https:\/\/eldiariodesanpedro.com.ar\/sitio\/wp-json\/wp\/v2\/tags?post=41058"}],"curies":[{"name":"wp","href":"https:\/\/api.w.org\/{rel}","templated":true}]}}