{"id":41054,"date":"2018-09-30T20:17:08","date_gmt":"2018-09-30T23:17:08","guid":{"rendered":"https:\/\/eldiariodesanpedro.com.ar\/sitio\/?p=41054"},"modified":"2018-09-30T20:17:08","modified_gmt":"2018-09-30T23:17:08","slug":"en-la-localidad-de-colon-entre-rios-curso-internacional-de-rescate-acuatico","status":"publish","type":"post","link":"https:\/\/eldiariodesanpedro.com.ar\/sitio\/en-la-localidad-de-colon-entre-rios-curso-internacional-de-rescate-acuatico\/","title":{"rendered":"EN LA LOCALIDAD DE COL\u00d3N, ENTRE R\u00cdOS: Curso internacional de rescate acu\u00e1tico"},"content":{"rendered":"<p><!-- VideographyWP Plugin Message: Automatic video embedding prevented by plugin options. --><br \/>\nDesde el jueves 27 al domingo 30 de septiembre se lleva a cabo en la ciudad de Col\u00f3n, Entre R\u00edos, un curso internacional de rescate acu\u00e1tico Organizado por la Academia Nacional de Bomberos.<\/p>\n<p>  Dicho evento cuenta con la participaci\u00f3n de destacados disertantes e instructores de distintos pa\u00edses.<br \/>\n  La organizaci\u00f3n otorg\u00f3 tres cupos a los Bomberos Voluntarios de San Pedro, motivo por el cual la Jefatura de la instituci\u00f3n, con la correspondiente autorizaci\u00f3n de la Comisi\u00f3n Directiva, design\u00f3 a tres integrantes de la brigada institucional y federativa de la especialidad. Ellos son: Alejandro Astorga, Luis Torrens y Roberto Noble.<br \/>\n  Esta actividad es de suma importancia porque permite desde lo te\u00f3rico\/practico, seguir aumentando el nivel de capacitaci\u00f3n del personal.<\/p>\n","protected":false},"excerpt":{"rendered":"<p>Desde el jueves 27 al domingo 30 de septiembre se lleva a cabo en la ciudad de Col\u00f3n, Entre R\u00edos, un curso internacional de rescate acu\u00e1tico Organizado por la Academia Nacional de Bomberos. Dicho evento cuenta con la participaci\u00f3n de destacados disertantes e instructores de distintos pa\u00edses. La organizaci\u00f3n otorg\u00f3 tres cupos a los Bomberos [&hellip;]<\/p>\n","protected":false},"author":4,"featured_media":41056,"comment_status":"open","ping_status":"closed","sticky":false,"template":"","format":"standard","meta":{"om_disable_all_campaigns":false,"_jetpack_memberships_contains_paid_content":false,"footnotes":""},"categories":[101,2],"tags":[],"class_list":["post-41054","post","type-post","status-publish","format-standard","has-post-thumbnail","hentry","category-interes-general-locales","category-locales"],"aioseo_notices":[],"gutentor_comment":0,"jetpack_featured_media_url":"https:\/\/eldiariodesanpedro.com.ar\/sitio\/wp-content\/uploads\/2018\/09\/Tres-bomberos-de-la-ciudad-asistir\u00e1n.jpeg","jetpack_shortlink":"https:\/\/wp.me\/p6RhLt-aGa","jetpack_sharing_enabled":true,"_links":{"self":[{"href":"https:\/\/eldiariodesanpedro.com.ar\/sitio\/wp-json\/wp\/v2\/posts\/41054","targetHints":{"allow":["GET"]}}],"collection":[{"href":"https:\/\/eldiariodesanpedro.com.ar\/sitio\/wp-json\/wp\/v2\/posts"}],"about":[{"href":"https:\/\/eldiariodesanpedro.com.ar\/sitio\/wp-json\/wp\/v2\/types\/post"}],"author":[{"embeddable":true,"href":"https:\/\/eldiariodesanpedro.com.ar\/sitio\/wp-json\/wp\/v2\/users\/4"}],"replies":[{"embeddable":true,"href":"https:\/\/eldiariodesanpedro.com.ar\/sitio\/wp-json\/wp\/v2\/comments?post=41054"}],"version-history":[{"count":1,"href":"https:\/\/eldiariodesanpedro.com.ar\/sitio\/wp-json\/wp\/v2\/posts\/41054\/revisions"}],"predecessor-version":[{"id":41057,"href":"https:\/\/eldiariodesanpedro.com.ar\/sitio\/wp-json\/wp\/v2\/posts\/41054\/revisions\/41057"}],"wp:featuredmedia":[{"embeddable":true,"href":"https:\/\/eldiariodesanpedro.com.ar\/sitio\/wp-json\/wp\/v2\/media\/41056"}],"wp:attachment":[{"href":"https:\/\/eldiariodesanpedro.com.ar\/sitio\/wp-json\/wp\/v2\/media?parent=41054"}],"wp:term":[{"taxonomy":"category","embeddable":true,"href":"https:\/\/eldiariodesanpedro.com.ar\/sitio\/wp-json\/wp\/v2\/categories?post=41054"},{"taxonomy":"post_tag","embeddable":true,"href":"https:\/\/eldiariodesanpedro.com.ar\/sitio\/wp-json\/wp\/v2\/tags?post=41054"}],"curies":[{"name":"wp","href":"https:\/\/api.w.org\/{rel}","templated":true}]}}