{"id":41049,"date":"2018-09-30T20:12:13","date_gmt":"2018-09-30T23:12:13","guid":{"rendered":"https:\/\/eldiariodesanpedro.com.ar\/sitio\/?p=41049"},"modified":"2018-09-30T20:12:13","modified_gmt":"2018-09-30T23:12:13","slug":"zarate-intento-de-robo-fuga-y-persecucion-prefectura-naval-evito-el-asalto-a-un-camion-de-cargas","status":"publish","type":"post","link":"https:\/\/eldiariodesanpedro.com.ar\/sitio\/zarate-intento-de-robo-fuga-y-persecucion-prefectura-naval-evito-el-asalto-a-un-camion-de-cargas\/","title":{"rendered":"Z\u00c1RATE: Intento de robo, fuga y persecuci\u00f3n: Prefectura Naval evit\u00f3 el asalto a un cami\u00f3n de cargas"},"content":{"rendered":"<p><!-- VideographyWP Plugin Message: Automatic video embedding prevented by plugin options. --><br \/>\n  Alrededor de las 18:30 hs de este viernes, personal de Prefectura Naval perteneciente a la Direcci\u00f3n de Protecci\u00f3n Ciudadana que estaba patrullando por Ruta 12, altura del km. 83.1 sentido a Z\u00e1rate, advirti\u00f3 un transporte de cargas estacionado en la banquina y dos individuos al lado.<br \/>\n  Los efectivos pudieron observar que uno de los sujetos amenazaba al chofer con un arma de fuego y ante la presencia del m\u00f3vil de la fuerza emprendieron la huida a bordo de una motocicleta.<br \/>\n  Asistida la v\u00edctima, se mont\u00f3 un operativo cerrojo que tuvo como resultado final una persecuci\u00f3n que en la calle Alberti al 1800 de barrio Saavedra, concluy\u00f3 cuando los delincuentes abandonaron el rodado, una Yamaha Crypton, escapando por un descampado.<br \/>\n  Efectuado un rastrillaje en la zona, entre los pastizales se encontr\u00f3 un rev\u00f3lver sin marca ni numeraci\u00f3n visible.<br \/>\n  Interviene la UFI N\u00ba 7 de la Departamental Z\u00e1rate \u2013 Campana y el propietario del cami\u00f3n denunci\u00f3 en Comisar\u00eda 1era. el robo de un celular y dinero en efectivo.<\/p>\n<p>Fuente: Enlace Cr\u00edtico<\/p>\n","protected":false},"excerpt":{"rendered":"<p>Alrededor de las 18:30 hs de este viernes, personal de Prefectura Naval perteneciente a la Direcci\u00f3n de Protecci\u00f3n Ciudadana que estaba patrullando por Ruta 12, altura del km. 83.1 sentido a Z\u00e1rate, advirti\u00f3 un transporte de cargas estacionado en la banquina y dos individuos al lado. Los efectivos pudieron observar que uno de los sujetos [&hellip;]<\/p>\n","protected":false},"author":4,"featured_media":41052,"comment_status":"open","ping_status":"closed","sticky":false,"template":"","format":"standard","meta":{"om_disable_all_campaigns":false,"_jetpack_memberships_contains_paid_content":false,"footnotes":""},"categories":[621],"tags":[],"class_list":["post-41049","post","type-post","status-publish","format-standard","has-post-thumbnail","hentry","category-regionales"],"aioseo_notices":[],"gutentor_comment":0,"jetpack_featured_media_url":"https:\/\/eldiariodesanpedro.com.ar\/sitio\/wp-content\/uploads\/2018\/09\/Prefectura-Naval-evit\u00f3-el-asalto-a-un-cami\u00f3n-de-cargas.jpeg","jetpack_shortlink":"https:\/\/wp.me\/p6RhLt-aG5","jetpack_sharing_enabled":true,"_links":{"self":[{"href":"https:\/\/eldiariodesanpedro.com.ar\/sitio\/wp-json\/wp\/v2\/posts\/41049","targetHints":{"allow":["GET"]}}],"collection":[{"href":"https:\/\/eldiariodesanpedro.com.ar\/sitio\/wp-json\/wp\/v2\/posts"}],"about":[{"href":"https:\/\/eldiariodesanpedro.com.ar\/sitio\/wp-json\/wp\/v2\/types\/post"}],"author":[{"embeddable":true,"href":"https:\/\/eldiariodesanpedro.com.ar\/sitio\/wp-json\/wp\/v2\/users\/4"}],"replies":[{"embeddable":true,"href":"https:\/\/eldiariodesanpedro.com.ar\/sitio\/wp-json\/wp\/v2\/comments?post=41049"}],"version-history":[{"count":1,"href":"https:\/\/eldiariodesanpedro.com.ar\/sitio\/wp-json\/wp\/v2\/posts\/41049\/revisions"}],"predecessor-version":[{"id":41053,"href":"https:\/\/eldiariodesanpedro.com.ar\/sitio\/wp-json\/wp\/v2\/posts\/41049\/revisions\/41053"}],"wp:featuredmedia":[{"embeddable":true,"href":"https:\/\/eldiariodesanpedro.com.ar\/sitio\/wp-json\/wp\/v2\/media\/41052"}],"wp:attachment":[{"href":"https:\/\/eldiariodesanpedro.com.ar\/sitio\/wp-json\/wp\/v2\/media?parent=41049"}],"wp:term":[{"taxonomy":"category","embeddable":true,"href":"https:\/\/eldiariodesanpedro.com.ar\/sitio\/wp-json\/wp\/v2\/categories?post=41049"},{"taxonomy":"post_tag","embeddable":true,"href":"https:\/\/eldiariodesanpedro.com.ar\/sitio\/wp-json\/wp\/v2\/tags?post=41049"}],"curies":[{"name":"wp","href":"https:\/\/api.w.org\/{rel}","templated":true}]}}