{"id":41041,"date":"2018-09-30T20:07:55","date_gmt":"2018-09-30T23:07:55","guid":{"rendered":"https:\/\/eldiariodesanpedro.com.ar\/sitio\/?p=41041"},"modified":"2018-09-30T20:07:55","modified_gmt":"2018-09-30T23:07:55","slug":"san-nicolas-otra-empresa-suspendera-a-todo-su-personal-por-15-dias-a-partir-de-octubre","status":"publish","type":"post","link":"https:\/\/eldiariodesanpedro.com.ar\/sitio\/san-nicolas-otra-empresa-suspendera-a-todo-su-personal-por-15-dias-a-partir-de-octubre\/","title":{"rendered":"SAN NICOL\u00c1S: Otra empresa suspender\u00e1 a todo su personal por 15 d\u00edas a partir de octubre"},"content":{"rendered":"<p><!-- VideographyWP Plugin Message: Automatic video embedding prevented by plugin options. --><br \/>\nLa empresa PROTTO comenzar\u00e1 el 12 de octubre la suspensi\u00f3n por 15 d\u00edas de la totalidad de los trabajadores.<\/p>\n<p>  Se trata de alrededor de 55 empleados que se ver\u00e1n afectados por este acuerdo y que percibir\u00e1n su salario reducido al 70%.<br \/>\n  En PROTTO, emplazada sobre Av. Illia; se fabrican llantas de chapa para camiones y acoplados; siendo este sector uno de los m\u00e1s golpeados por la crisis, ya que los principales clientes como IVECO decidieron parar hasta enero; AGRALE, ELVETICA en similar situaci\u00f3n. Y otros acopladistas que se encuentran suspendiendo personal.<br \/>\n  El sector es uno de los m\u00e1s retra\u00eddos del pa\u00eds y se aguardan mes a mes los acuerdos que se puedan lograr entre los propietarios y empleados. <\/p>\n<p>Fuente: Diario El Informante<\/p>\n","protected":false},"excerpt":{"rendered":"<p>La empresa PROTTO comenzar\u00e1 el 12 de octubre la suspensi\u00f3n por 15 d\u00edas de la totalidad de los trabajadores. Se trata de alrededor de 55 empleados que se ver\u00e1n afectados por este acuerdo y que percibir\u00e1n su salario reducido al 70%. En PROTTO, emplazada sobre Av. Illia; se fabrican llantas de chapa para camiones y [&hellip;]<\/p>\n","protected":false},"author":4,"featured_media":41048,"comment_status":"open","ping_status":"closed","sticky":false,"template":"","format":"standard","meta":{"om_disable_all_campaigns":false,"_jetpack_memberships_contains_paid_content":false,"footnotes":""},"categories":[621],"tags":[],"class_list":["post-41041","post","type-post","status-publish","format-standard","has-post-thumbnail","hentry","category-regionales"],"aioseo_notices":[],"gutentor_comment":0,"jetpack_featured_media_url":"https:\/\/eldiariodesanpedro.com.ar\/sitio\/wp-content\/uploads\/2018\/09\/protto.jpg","jetpack_shortlink":"https:\/\/wp.me\/p6RhLt-aFX","jetpack_sharing_enabled":true,"_links":{"self":[{"href":"https:\/\/eldiariodesanpedro.com.ar\/sitio\/wp-json\/wp\/v2\/posts\/41041","targetHints":{"allow":["GET"]}}],"collection":[{"href":"https:\/\/eldiariodesanpedro.com.ar\/sitio\/wp-json\/wp\/v2\/posts"}],"about":[{"href":"https:\/\/eldiariodesanpedro.com.ar\/sitio\/wp-json\/wp\/v2\/types\/post"}],"author":[{"embeddable":true,"href":"https:\/\/eldiariodesanpedro.com.ar\/sitio\/wp-json\/wp\/v2\/users\/4"}],"replies":[{"embeddable":true,"href":"https:\/\/eldiariodesanpedro.com.ar\/sitio\/wp-json\/wp\/v2\/comments?post=41041"}],"version-history":[{"count":1,"href":"https:\/\/eldiariodesanpedro.com.ar\/sitio\/wp-json\/wp\/v2\/posts\/41041\/revisions"}],"predecessor-version":[{"id":41051,"href":"https:\/\/eldiariodesanpedro.com.ar\/sitio\/wp-json\/wp\/v2\/posts\/41041\/revisions\/41051"}],"wp:featuredmedia":[{"embeddable":true,"href":"https:\/\/eldiariodesanpedro.com.ar\/sitio\/wp-json\/wp\/v2\/media\/41048"}],"wp:attachment":[{"href":"https:\/\/eldiariodesanpedro.com.ar\/sitio\/wp-json\/wp\/v2\/media?parent=41041"}],"wp:term":[{"taxonomy":"category","embeddable":true,"href":"https:\/\/eldiariodesanpedro.com.ar\/sitio\/wp-json\/wp\/v2\/categories?post=41041"},{"taxonomy":"post_tag","embeddable":true,"href":"https:\/\/eldiariodesanpedro.com.ar\/sitio\/wp-json\/wp\/v2\/tags?post=41041"}],"curies":[{"name":"wp","href":"https:\/\/api.w.org\/{rel}","templated":true}]}}