{"id":41040,"date":"2018-09-30T20:06:31","date_gmt":"2018-09-30T23:06:31","guid":{"rendered":"https:\/\/eldiariodesanpedro.com.ar\/sitio\/?p=41040"},"modified":"2018-09-30T20:06:31","modified_gmt":"2018-09-30T23:06:31","slug":"ramallo-secuestraron-en-ramallo-400-kg-de-pescado","status":"publish","type":"post","link":"https:\/\/eldiariodesanpedro.com.ar\/sitio\/ramallo-secuestraron-en-ramallo-400-kg-de-pescado\/","title":{"rendered":"RAMALLO: Secuestraron en Ramallo 400 kg. de pescado"},"content":{"rendered":"<p><!-- VideographyWP Plugin Message: Automatic video embedding prevented by plugin options. --><br \/>\nEfectivos de la Prefectura Naval Argentina Local, realizaron ayer, un procedimiento por infracci\u00f3n a la Ley de Pesca.<\/p>\n<p>  Comunicado de prensa Subsecretaria de Seguridad. &#8211; Este viernes, efectivos de la Prefectura Naval Argentina de Ramallo realizaron un procedimiento en el que se procedi\u00f3 al secuestro de aprox. 400 kg. de pescado y la imputaci\u00f3n de un hombre oriundo de la localidad de Vuelta de Obligado (San Pedro).<br \/>\n  Consecuentemente personal de Habitaciones y Bromatolog\u00eda realiz\u00f3 el acta correspondiente (por infracci\u00f3n al C\u00f3digo de Faltas Municipal) quienes, junto a la Guardia Urbana, trasladaron los elementos secuestrados y decomisados a su deposici\u00f3n final en el GIRSU. <\/p>\n<p>Fuente: Meta fm<\/p>\n","protected":false},"excerpt":{"rendered":"<p>Efectivos de la Prefectura Naval Argentina Local, realizaron ayer, un procedimiento por infracci\u00f3n a la Ley de Pesca. Comunicado de prensa Subsecretaria de Seguridad. &#8211; Este viernes, efectivos de la Prefectura Naval Argentina de Ramallo realizaron un procedimiento en el que se procedi\u00f3 al secuestro de aprox. 400 kg. de pescado y la imputaci\u00f3n de [&hellip;]<\/p>\n","protected":false},"author":4,"featured_media":41046,"comment_status":"open","ping_status":"closed","sticky":false,"template":"","format":"standard","meta":{"om_disable_all_campaigns":false,"_jetpack_memberships_contains_paid_content":false,"footnotes":""},"categories":[621],"tags":[],"class_list":["post-41040","post","type-post","status-publish","format-standard","has-post-thumbnail","hentry","category-regionales"],"aioseo_notices":[],"gutentor_comment":0,"jetpack_featured_media_url":"https:\/\/eldiariodesanpedro.com.ar\/sitio\/wp-content\/uploads\/2018\/09\/pescado-secuestro.jpg","jetpack_shortlink":"https:\/\/wp.me\/p6RhLt-aFW","jetpack_sharing_enabled":true,"_links":{"self":[{"href":"https:\/\/eldiariodesanpedro.com.ar\/sitio\/wp-json\/wp\/v2\/posts\/41040","targetHints":{"allow":["GET"]}}],"collection":[{"href":"https:\/\/eldiariodesanpedro.com.ar\/sitio\/wp-json\/wp\/v2\/posts"}],"about":[{"href":"https:\/\/eldiariodesanpedro.com.ar\/sitio\/wp-json\/wp\/v2\/types\/post"}],"author":[{"embeddable":true,"href":"https:\/\/eldiariodesanpedro.com.ar\/sitio\/wp-json\/wp\/v2\/users\/4"}],"replies":[{"embeddable":true,"href":"https:\/\/eldiariodesanpedro.com.ar\/sitio\/wp-json\/wp\/v2\/comments?post=41040"}],"version-history":[{"count":1,"href":"https:\/\/eldiariodesanpedro.com.ar\/sitio\/wp-json\/wp\/v2\/posts\/41040\/revisions"}],"predecessor-version":[{"id":41047,"href":"https:\/\/eldiariodesanpedro.com.ar\/sitio\/wp-json\/wp\/v2\/posts\/41040\/revisions\/41047"}],"wp:featuredmedia":[{"embeddable":true,"href":"https:\/\/eldiariodesanpedro.com.ar\/sitio\/wp-json\/wp\/v2\/media\/41046"}],"wp:attachment":[{"href":"https:\/\/eldiariodesanpedro.com.ar\/sitio\/wp-json\/wp\/v2\/media?parent=41040"}],"wp:term":[{"taxonomy":"category","embeddable":true,"href":"https:\/\/eldiariodesanpedro.com.ar\/sitio\/wp-json\/wp\/v2\/categories?post=41040"},{"taxonomy":"post_tag","embeddable":true,"href":"https:\/\/eldiariodesanpedro.com.ar\/sitio\/wp-json\/wp\/v2\/tags?post=41040"}],"curies":[{"name":"wp","href":"https:\/\/api.w.org\/{rel}","templated":true}]}}