{"id":41038,"date":"2018-09-30T20:04:48","date_gmt":"2018-09-30T23:04:48","guid":{"rendered":"https:\/\/eldiariodesanpedro.com.ar\/sitio\/?p=41038"},"modified":"2018-09-30T20:04:48","modified_gmt":"2018-09-30T23:04:48","slug":"baradero-jimena-baron-estuvo-en-la-vecina-localidad","status":"publish","type":"post","link":"https:\/\/eldiariodesanpedro.com.ar\/sitio\/baradero-jimena-baron-estuvo-en-la-vecina-localidad\/","title":{"rendered":"BARADERO: Jimena Bar\u00f3n estuvo en la vecina localidad"},"content":{"rendered":"<p><!-- VideographyWP Plugin Message: Automatic video embedding prevented by plugin options. --><br \/>\nTal como hab\u00eda comprometido su visita en su \u00faltima presentaci\u00f3n en Showmatch, la bailarina lleg\u00f3 en la tarde del jueves a Baradero. Fue una visita r\u00e1pida ya que deb\u00eda regresar a Capital Federal para la sentencia del primer ritmo del bailando.<br \/>\n  Durante su estad\u00eda en Baradero se sac\u00f3 fotos, firm\u00f3 aut\u00f3grafos, pint\u00f3 y ayud\u00f3 con los preparativos de las Olimp\u00edadas que ser\u00e1n en los pr\u00f3ximos d\u00edas. Recorri\u00f3 las instalaciones de calle Boedo y escuch\u00f3 de cerca la historia de la instituci\u00f3n baraderense.<br \/>\n  Adem\u00e1s, confirm\u00f3 que su pr\u00f3ximo ritmo ser\u00e1 la salsa de 3.<\/p>\n<p>Fuente: Tu L\u00ednea Directa<\/p>\n","protected":false},"excerpt":{"rendered":"<p>Tal como hab\u00eda comprometido su visita en su \u00faltima presentaci\u00f3n en Showmatch, la bailarina lleg\u00f3 en la tarde del jueves a Baradero. Fue una visita r\u00e1pida ya que deb\u00eda regresar a Capital Federal para la sentencia del primer ritmo del bailando. Durante su estad\u00eda en Baradero se sac\u00f3 fotos, firm\u00f3 aut\u00f3grafos, pint\u00f3 y ayud\u00f3 con [&hellip;]<\/p>\n","protected":false},"author":4,"featured_media":41043,"comment_status":"open","ping_status":"closed","sticky":false,"template":"","format":"standard","meta":{"om_disable_all_campaigns":false,"_jetpack_memberships_contains_paid_content":false,"footnotes":""},"categories":[621],"tags":[],"class_list":["post-41038","post","type-post","status-publish","format-standard","has-post-thumbnail","hentry","category-regionales"],"aioseo_notices":[],"gutentor_comment":0,"jetpack_featured_media_url":"https:\/\/eldiariodesanpedro.com.ar\/sitio\/wp-content\/uploads\/2018\/09\/PAGINA-6.jpeg","jetpack_shortlink":"https:\/\/wp.me\/p6RhLt-aFU","jetpack_sharing_enabled":true,"_links":{"self":[{"href":"https:\/\/eldiariodesanpedro.com.ar\/sitio\/wp-json\/wp\/v2\/posts\/41038","targetHints":{"allow":["GET"]}}],"collection":[{"href":"https:\/\/eldiariodesanpedro.com.ar\/sitio\/wp-json\/wp\/v2\/posts"}],"about":[{"href":"https:\/\/eldiariodesanpedro.com.ar\/sitio\/wp-json\/wp\/v2\/types\/post"}],"author":[{"embeddable":true,"href":"https:\/\/eldiariodesanpedro.com.ar\/sitio\/wp-json\/wp\/v2\/users\/4"}],"replies":[{"embeddable":true,"href":"https:\/\/eldiariodesanpedro.com.ar\/sitio\/wp-json\/wp\/v2\/comments?post=41038"}],"version-history":[{"count":1,"href":"https:\/\/eldiariodesanpedro.com.ar\/sitio\/wp-json\/wp\/v2\/posts\/41038\/revisions"}],"predecessor-version":[{"id":41045,"href":"https:\/\/eldiariodesanpedro.com.ar\/sitio\/wp-json\/wp\/v2\/posts\/41038\/revisions\/41045"}],"wp:featuredmedia":[{"embeddable":true,"href":"https:\/\/eldiariodesanpedro.com.ar\/sitio\/wp-json\/wp\/v2\/media\/41043"}],"wp:attachment":[{"href":"https:\/\/eldiariodesanpedro.com.ar\/sitio\/wp-json\/wp\/v2\/media?parent=41038"}],"wp:term":[{"taxonomy":"category","embeddable":true,"href":"https:\/\/eldiariodesanpedro.com.ar\/sitio\/wp-json\/wp\/v2\/categories?post=41038"},{"taxonomy":"post_tag","embeddable":true,"href":"https:\/\/eldiariodesanpedro.com.ar\/sitio\/wp-json\/wp\/v2\/tags?post=41038"}],"curies":[{"name":"wp","href":"https:\/\/api.w.org\/{rel}","templated":true}]}}