{"id":41037,"date":"2018-09-30T20:03:46","date_gmt":"2018-09-30T23:03:46","guid":{"rendered":"https:\/\/eldiariodesanpedro.com.ar\/sitio\/?p=41037"},"modified":"2018-09-30T20:03:46","modified_gmt":"2018-09-30T23:03:46","slug":"san-nicolas-la-pobreza-tambien-crece-en-san-nicolas-y-la-situacion-podria-empeorar","status":"publish","type":"post","link":"https:\/\/eldiariodesanpedro.com.ar\/sitio\/san-nicolas-la-pobreza-tambien-crece-en-san-nicolas-y-la-situacion-podria-empeorar\/","title":{"rendered":"SAN NICOL\u00c1S: La pobreza tambi\u00e9n crece en San Nicol\u00e1s y la situaci\u00f3n podr\u00eda empeorar"},"content":{"rendered":"<p><!-- VideographyWP Plugin Message: Automatic video embedding prevented by plugin options. --><br \/>\nEn la comparativa con los datos correspondientes al segundo semestre de 2017, el informe del INDEC para los primeros seis meses de este a\u00f1o en el aglomerado San Nicol\u00e1s-Villa Constituci\u00f3n muestra un importante crecimiento en el indicador \u00abPobreza\u00bb, que salt\u00f3 del 25,5% al 28,1%. A nivel nacional lleg\u00f3 al 27,3%. Leve baja en la tasa \u00abIndigencia\u00bb.<\/p>\n<p>  El Instituto Nacional de Estad\u00edsticas y Censos (INDEC) dio a conocer esta semana los resultados de la Encuesta Permanente de Hogares (EPH) sobre \u00abPobreza e Indigencia\u00bb correspondientes al primer semestre de 2018, que refleja un crecimiento del indicador \u00abPobreza\u00bb en el aglomerado San Nicol\u00e1s-Villa Constituci\u00f3n.<br \/>\n  Sobre una poblaci\u00f3n de 186.845 personas y un total de 63.547 hogares, el informe da cuenta de que en San Nicol\u00e1s-Villa Constituci\u00f3n la \u00abPobreza\u00bb alcanza al 28,1% de las personas y al 19,1% de los hogares. En t\u00e9rminos nominales, hay 52.511 personas pobres y 12.106 hogares pobres.<br \/>\n  En la comparativa con los datos correspondientes al segundo semestre de 2017, el informe del INDEC muestra un importante crecimiento en el indicador \u00abPobreza\u00bb, que medido en personas salt\u00f3 del 25,5% al 28,1%. Y del 17,8% al 19,1% de los hogares.<br \/>\n  Sin embargo, los datos del primer semestre de 2018 son positivos en la comparativa con el mismo per\u00edodo de 2017, donde la pobreza en San Nicol\u00e1s alcanzaba al 28,8% de las personas y al 20,4% de los hogares.<br \/>\n  La medici\u00f3n con el m\u00e9todo de la \u00abl\u00ednea de pobreza\u00bb consiste en establecer, a partir de los ingresos de los hogares, si estos tienen capacidad de satisfacer \u2013por medio de la compra de bienes y servicios\u2013 un conjunto de necesidades alimentarias y no alimentarias consideradas esenciales.<br \/>\n  Para calcular la l\u00ednea de pobreza se toma el valor de la Canasta B\u00e1sica Alimentaria (CBA) y se ampl\u00eda con la inclusi\u00f3n de bienes y servicios<br \/>\nno alimentarios (vestimenta, transporte, educaci\u00f3n, salud, etc.), con el fin de obtener el valor de la Canasta B\u00e1sica Total (CBT).<\/p>\n<p><strong>Menor indigencia<\/strong><br \/>\n  El informe del INDEC para el indicador \u00abIndigencia\u00bb correspondiente al primer semestre de 2018 en el aglomerado San Nicol\u00e1s-Villa Constituci\u00f3n muestra un descenso de 0,4 puntos en la comparativa con el segundo semestre de 2017.<br \/>\n  De acuerdo a los datos de los primeros seis meses de este a\u00f1o, la \u00abIndigencia\u00bb alcanza al 6,1% de las personas y 4,4% de los hogares en esta zona. Ello implica 11.313 personas y 2.828 hogares indigentes.<br \/>\nEstos n\u00fameros muestran una mejora en relaci\u00f3n al semestre anterior cuando la Indigencia alcanzaba al 6,5% de las personas y 5,1% de los hogares.<br \/>\n  El concepto \u00abl\u00ednea de indigencia\u00bb procura establecer si los hogares cuentan con ingresos suficientes como para cubrir una canasta de alimentos capaz de satisfacer un umbral m\u00ednimo de necesidades energ\u00e9ticas y proteicas. De esta manera, los hogares que no superan ese umbral o l\u00ednea son considerados indigentes.<\/p>\n<p>Fuente: Diario El Norte<\/p>\n","protected":false},"excerpt":{"rendered":"<p>En la comparativa con los datos correspondientes al segundo semestre de 2017, el informe del INDEC para los primeros seis meses de este a\u00f1o en el aglomerado San Nicol\u00e1s-Villa Constituci\u00f3n muestra un importante crecimiento en el indicador \u00abPobreza\u00bb, que salt\u00f3 del 25,5% al 28,1%. A nivel nacional lleg\u00f3 al 27,3%. Leve baja en la tasa [&hellip;]<\/p>\n","protected":false},"author":4,"featured_media":41039,"comment_status":"open","ping_status":"closed","sticky":false,"template":"","format":"standard","meta":{"om_disable_all_campaigns":false,"_jetpack_memberships_contains_paid_content":false,"footnotes":""},"categories":[621],"tags":[],"class_list":["post-41037","post","type-post","status-publish","format-standard","has-post-thumbnail","hentry","category-regionales"],"aioseo_notices":[],"gutentor_comment":0,"jetpack_featured_media_url":"https:\/\/eldiariodesanpedro.com.ar\/sitio\/wp-content\/uploads\/2018\/09\/PAGINA-7-1.jpg","jetpack_shortlink":"https:\/\/wp.me\/p6RhLt-aFT","jetpack_sharing_enabled":true,"_links":{"self":[{"href":"https:\/\/eldiariodesanpedro.com.ar\/sitio\/wp-json\/wp\/v2\/posts\/41037","targetHints":{"allow":["GET"]}}],"collection":[{"href":"https:\/\/eldiariodesanpedro.com.ar\/sitio\/wp-json\/wp\/v2\/posts"}],"about":[{"href":"https:\/\/eldiariodesanpedro.com.ar\/sitio\/wp-json\/wp\/v2\/types\/post"}],"author":[{"embeddable":true,"href":"https:\/\/eldiariodesanpedro.com.ar\/sitio\/wp-json\/wp\/v2\/users\/4"}],"replies":[{"embeddable":true,"href":"https:\/\/eldiariodesanpedro.com.ar\/sitio\/wp-json\/wp\/v2\/comments?post=41037"}],"version-history":[{"count":1,"href":"https:\/\/eldiariodesanpedro.com.ar\/sitio\/wp-json\/wp\/v2\/posts\/41037\/revisions"}],"predecessor-version":[{"id":41042,"href":"https:\/\/eldiariodesanpedro.com.ar\/sitio\/wp-json\/wp\/v2\/posts\/41037\/revisions\/41042"}],"wp:featuredmedia":[{"embeddable":true,"href":"https:\/\/eldiariodesanpedro.com.ar\/sitio\/wp-json\/wp\/v2\/media\/41039"}],"wp:attachment":[{"href":"https:\/\/eldiariodesanpedro.com.ar\/sitio\/wp-json\/wp\/v2\/media?parent=41037"}],"wp:term":[{"taxonomy":"category","embeddable":true,"href":"https:\/\/eldiariodesanpedro.com.ar\/sitio\/wp-json\/wp\/v2\/categories?post=41037"},{"taxonomy":"post_tag","embeddable":true,"href":"https:\/\/eldiariodesanpedro.com.ar\/sitio\/wp-json\/wp\/v2\/tags?post=41037"}],"curies":[{"name":"wp","href":"https:\/\/api.w.org\/{rel}","templated":true}]}}