{"id":41032,"date":"2018-09-29T13:44:01","date_gmt":"2018-09-29T16:44:01","guid":{"rendered":"https:\/\/eldiariodesanpedro.com.ar\/sitio\/?p=41032"},"modified":"2018-09-29T13:45:52","modified_gmt":"2018-09-29T16:45:52","slug":"41032-2","status":"publish","type":"post","link":"https:\/\/eldiariodesanpedro.com.ar\/sitio\/41032-2\/","title":{"rendered":"La segunda jornada del Country Music Festival contin\u00faa en el paseo"},"content":{"rendered":"<p><!-- VideographyWP Plugin Message: Automatic video embedding prevented by plugin options. --><br \/>\nTras una super exitosa primera jornada del festival la organizaci\u00f3n confirmaron que, desde las 14.00, se realizar\u00e1 la segunda jornada del San Pedro Country Music Festival de la edici\u00f3n 2018 tendr\u00e1 lugar en el Paseo P\u00fablico. <\/p>\n<p>Con la presencia de los sampedrinos SanFolk y Feli Rolfo se estar\u00e1n presentando 16 bandas y con el cierre de Jhonny Tedesco. <\/p>\n<p>El pron\u00f3stico del tiempo es alentador tanto en esta jornada como en la de ma\u00f1ana domingo y se espera una gran cantidad de p\u00fablico y turistas que ya se encuentran colmando la zona costanera. <\/p>\n<p>La grilla pautada sufrir\u00e1 modificaciones debido al retraso en el comienzo de los shows. <\/p>\n","protected":false},"excerpt":{"rendered":"<p>Tras una super exitosa primera jornada del festival la organizaci\u00f3n confirmaron que, desde las 14.00, se realizar\u00e1 la segunda jornada del San Pedro Country Music Festival de la edici\u00f3n 2018 tendr\u00e1 lugar en el Paseo P\u00fablico. Con la presencia de los sampedrinos SanFolk y Feli Rolfo se estar\u00e1n presentando 16 bandas y con el cierre [&hellip;]<\/p>\n","protected":false},"author":4,"featured_media":41033,"comment_status":"open","ping_status":"closed","sticky":false,"template":"","format":"standard","meta":{"om_disable_all_campaigns":false,"_jetpack_memberships_contains_paid_content":false,"footnotes":""},"categories":[50,101,2],"tags":[],"class_list":["post-41032","post","type-post","status-publish","format-standard","has-post-thumbnail","hentry","category-destacadas","category-interes-general-locales","category-locales"],"aioseo_notices":[],"gutentor_comment":0,"jetpack_featured_media_url":"https:\/\/eldiariodesanpedro.com.ar\/sitio\/wp-content\/uploads\/2018\/09\/FB_IMG_1538239364292.jpg","jetpack_shortlink":"https:\/\/wp.me\/p6RhLt-aFO","jetpack_sharing_enabled":true,"_links":{"self":[{"href":"https:\/\/eldiariodesanpedro.com.ar\/sitio\/wp-json\/wp\/v2\/posts\/41032","targetHints":{"allow":["GET"]}}],"collection":[{"href":"https:\/\/eldiariodesanpedro.com.ar\/sitio\/wp-json\/wp\/v2\/posts"}],"about":[{"href":"https:\/\/eldiariodesanpedro.com.ar\/sitio\/wp-json\/wp\/v2\/types\/post"}],"author":[{"embeddable":true,"href":"https:\/\/eldiariodesanpedro.com.ar\/sitio\/wp-json\/wp\/v2\/users\/4"}],"replies":[{"embeddable":true,"href":"https:\/\/eldiariodesanpedro.com.ar\/sitio\/wp-json\/wp\/v2\/comments?post=41032"}],"version-history":[{"count":2,"href":"https:\/\/eldiariodesanpedro.com.ar\/sitio\/wp-json\/wp\/v2\/posts\/41032\/revisions"}],"predecessor-version":[{"id":41035,"href":"https:\/\/eldiariodesanpedro.com.ar\/sitio\/wp-json\/wp\/v2\/posts\/41032\/revisions\/41035"}],"wp:featuredmedia":[{"embeddable":true,"href":"https:\/\/eldiariodesanpedro.com.ar\/sitio\/wp-json\/wp\/v2\/media\/41033"}],"wp:attachment":[{"href":"https:\/\/eldiariodesanpedro.com.ar\/sitio\/wp-json\/wp\/v2\/media?parent=41032"}],"wp:term":[{"taxonomy":"category","embeddable":true,"href":"https:\/\/eldiariodesanpedro.com.ar\/sitio\/wp-json\/wp\/v2\/categories?post=41032"},{"taxonomy":"post_tag","embeddable":true,"href":"https:\/\/eldiariodesanpedro.com.ar\/sitio\/wp-json\/wp\/v2\/tags?post=41032"}],"curies":[{"name":"wp","href":"https:\/\/api.w.org\/{rel}","templated":true}]}}