{"id":41027,"date":"2018-09-29T10:58:06","date_gmt":"2018-09-29T13:58:06","guid":{"rendered":"https:\/\/eldiariodesanpedro.com.ar\/sitio\/?p=41027"},"modified":"2018-09-29T10:58:06","modified_gmt":"2018-09-29T13:58:06","slug":"campana-la-caja-del-colegio-de-abogados-invierte-en-una-nueva-sede","status":"publish","type":"post","link":"https:\/\/eldiariodesanpedro.com.ar\/sitio\/campana-la-caja-del-colegio-de-abogados-invierte-en-una-nueva-sede\/","title":{"rendered":"CAMPANA: La Caja del Colegio de Abogados invierte en una nueva sede"},"content":{"rendered":"<p><!-- VideographyWP Plugin Message: Automatic video embedding prevented by plugin options. --><br \/>\nEl directorio de la Caja de Abogados de la Provincia de Buenos Aires aprob\u00f3 la compra de un inmueble sito en calle French 231 de Campana, donde funcionar\u00e1 la instituci\u00f3n previsional.<\/p>\n<p>La propiedad, que se ubica frente a la Sede del CAZC de Campana, se obtuvo a partir de la gesti\u00f3n conjunta entre el Presidente del Colegio de Abogados Z\u00e1rate Campana, Dr. Marcelo Fioranelli, y la Vicepresidenta de la Caja de Abogados de la Provincia, Dra. Silvana Barreca.<\/p>\n<p>\u201cEsta inversi\u00f3n es reflejo de la importancia que tiene para la Caja el servicio que brinda a sus afiliados. Es un anhelo que se hace realidad para facilitar la atenci\u00f3n y mejorar las comodidades para los abogados de nuestro departamento judicial\u201d, sostuvo la Dra. Silvana Barreca, quien tambi\u00e9n se desempe\u00f1a como Directora de la Caja en el Departamento Judicial Z\u00e1rate Campana.<\/p>\n<p>Fuente: Enlace Critco<\/p>\n","protected":false},"excerpt":{"rendered":"<p>El directorio de la Caja de Abogados de la Provincia de Buenos Aires aprob\u00f3 la compra de un inmueble sito en calle French 231 de Campana, donde funcionar\u00e1 la instituci\u00f3n previsional. La propiedad, que se ubica frente a la Sede del CAZC de Campana, se obtuvo a partir de la gesti\u00f3n conjunta entre el Presidente [&hellip;]<\/p>\n","protected":false},"author":4,"featured_media":41028,"comment_status":"open","ping_status":"closed","sticky":false,"template":"","format":"standard","meta":{"om_disable_all_campaigns":false,"_jetpack_memberships_contains_paid_content":false,"footnotes":""},"categories":[621],"tags":[],"class_list":["post-41027","post","type-post","status-publish","format-standard","has-post-thumbnail","hentry","category-regionales"],"aioseo_notices":[],"gutentor_comment":0,"jetpack_featured_media_url":"https:\/\/eldiariodesanpedro.com.ar\/sitio\/wp-content\/uploads\/2018\/09\/caja-colegio-abogados.jpg","jetpack_shortlink":"https:\/\/wp.me\/p6RhLt-aFJ","jetpack_sharing_enabled":true,"_links":{"self":[{"href":"https:\/\/eldiariodesanpedro.com.ar\/sitio\/wp-json\/wp\/v2\/posts\/41027","targetHints":{"allow":["GET"]}}],"collection":[{"href":"https:\/\/eldiariodesanpedro.com.ar\/sitio\/wp-json\/wp\/v2\/posts"}],"about":[{"href":"https:\/\/eldiariodesanpedro.com.ar\/sitio\/wp-json\/wp\/v2\/types\/post"}],"author":[{"embeddable":true,"href":"https:\/\/eldiariodesanpedro.com.ar\/sitio\/wp-json\/wp\/v2\/users\/4"}],"replies":[{"embeddable":true,"href":"https:\/\/eldiariodesanpedro.com.ar\/sitio\/wp-json\/wp\/v2\/comments?post=41027"}],"version-history":[{"count":1,"href":"https:\/\/eldiariodesanpedro.com.ar\/sitio\/wp-json\/wp\/v2\/posts\/41027\/revisions"}],"predecessor-version":[{"id":41029,"href":"https:\/\/eldiariodesanpedro.com.ar\/sitio\/wp-json\/wp\/v2\/posts\/41027\/revisions\/41029"}],"wp:featuredmedia":[{"embeddable":true,"href":"https:\/\/eldiariodesanpedro.com.ar\/sitio\/wp-json\/wp\/v2\/media\/41028"}],"wp:attachment":[{"href":"https:\/\/eldiariodesanpedro.com.ar\/sitio\/wp-json\/wp\/v2\/media?parent=41027"}],"wp:term":[{"taxonomy":"category","embeddable":true,"href":"https:\/\/eldiariodesanpedro.com.ar\/sitio\/wp-json\/wp\/v2\/categories?post=41027"},{"taxonomy":"post_tag","embeddable":true,"href":"https:\/\/eldiariodesanpedro.com.ar\/sitio\/wp-json\/wp\/v2\/tags?post=41027"}],"curies":[{"name":"wp","href":"https:\/\/api.w.org\/{rel}","templated":true}]}}