{"id":41024,"date":"2018-09-29T10:54:52","date_gmt":"2018-09-29T13:54:52","guid":{"rendered":"https:\/\/eldiariodesanpedro.com.ar\/sitio\/?p=41024"},"modified":"2018-09-29T10:54:52","modified_gmt":"2018-09-29T13:54:52","slug":"zarate-sera-sede-de-un-nuevo-encuentro-del-primer-club-del-ford-t","status":"publish","type":"post","link":"https:\/\/eldiariodesanpedro.com.ar\/sitio\/zarate-sera-sede-de-un-nuevo-encuentro-del-primer-club-del-ford-t\/","title":{"rendered":"Z\u00e1rate ser\u00e1 sede de un nuevo Encuentro del Primer Club del Ford T"},"content":{"rendered":"<p><!-- VideographyWP Plugin Message: Automatic video embedding prevented by plugin options. --><br \/>\nEl Primer Club del Ford T de Argentina realizar\u00e1 este s\u00e1bado 29 de septiembre un XXII Encuentro Internacional en nuestra ciudad. El punto de encuentro ser\u00e1 el Palacio Municipal a las 9 hs. All\u00ed se ubicar\u00e1n los 30 autos antiguos para dar inicio a la jornada.<\/p>\n<p>Tras exhibir los veh\u00edculos por media hora frente a la plaza Mitre, la caravana partir\u00e1 hacia Campana, circulando previamente por el Paseo de la Ribera. En la vecina localidad los Ford T visitar\u00e1n el Museo del Primer Autom\u00f3vil.<\/p>\n<p>El almuerzo se llevar\u00e1 a cabo en el sal\u00f3n de fiestas ubicado frente al kart\u00f3dromo internacional de Z\u00e1rate, ubicado sobre la Ruta 193 a menos de un kil\u00f3metro de Escalada.<\/p>\n<p>Luego, la caravana partir\u00e1 a las 16 hs hacia el camping Las Tejas, por lo cual cruzar\u00e1n el r\u00edo Paran\u00e1 por el Puente Z\u00e1rate Brazo Largo.<\/p>\n<p>Las actividades terminar\u00e1n en el Paseo de la Ribera a partir de las 18 hs. Los autos antiguos de la marca del \u00f3valo se ubicar\u00e1n en el paseo comercial \u201cCiudad del Tango\u201d (Costanera e Yrigoyen) donde volver\u00e1n a ser exhibidos para que todos los amantes del mundo motor puedan acercarse y observar de cerca estas joyas en cuatro ruedas mientras los pilotos y sus familiares disfrutan de los atractivos de la costanera zarate\u00f1a.<\/p>\n<p>H\u00e9ctor Gentillo, uno de los organizadores, explic\u00f3 que all\u00ed se har\u00e1 entrega de placas conmemorativas a los participantes y disfrutar\u00e1n de algunos espect\u00e1culos de tango, entre otras actividades programadas. El Encuentro no se suspende por lluvia.<\/p>\n<p>El a\u00f1o pasado el Encuentro se realiz\u00f3 en Alta Gracia, C\u00f3rdoba.<\/p>\n<p>El Primer Club del Ford T de Argentina se origin\u00f3 en C\u00f3rdoba a fines del a\u00f1o 1996. Desde entonces han realizado los Encuentros y sumando socios para no s\u00f3lo exhibir sus autos de colecci\u00f3n al p\u00fablico en general, sino tambi\u00e9n para compartir la filosof\u00eda de vida de una \u00e9poca fundacional del mundo del motor.<\/p>\n<p>Fuente: Enlace Critico<\/p>\n","protected":false},"excerpt":{"rendered":"<p>El Primer Club del Ford T de Argentina realizar\u00e1 este s\u00e1bado 29 de septiembre un XXII Encuentro Internacional en nuestra ciudad. El punto de encuentro ser\u00e1 el Palacio Municipal a las 9 hs. All\u00ed se ubicar\u00e1n los 30 autos antiguos para dar inicio a la jornada. Tras exhibir los veh\u00edculos por media hora frente a [&hellip;]<\/p>\n","protected":false},"author":4,"featured_media":41025,"comment_status":"open","ping_status":"closed","sticky":false,"template":"","format":"standard","meta":{"om_disable_all_campaigns":false,"_jetpack_memberships_contains_paid_content":false,"footnotes":""},"categories":[621],"tags":[],"class_list":["post-41024","post","type-post","status-publish","format-standard","has-post-thumbnail","hentry","category-regionales"],"aioseo_notices":[],"gutentor_comment":0,"jetpack_featured_media_url":"https:\/\/eldiariodesanpedro.com.ar\/sitio\/wp-content\/uploads\/2018\/09\/ford-t.jpg","jetpack_shortlink":"https:\/\/wp.me\/p6RhLt-aFG","jetpack_sharing_enabled":true,"_links":{"self":[{"href":"https:\/\/eldiariodesanpedro.com.ar\/sitio\/wp-json\/wp\/v2\/posts\/41024","targetHints":{"allow":["GET"]}}],"collection":[{"href":"https:\/\/eldiariodesanpedro.com.ar\/sitio\/wp-json\/wp\/v2\/posts"}],"about":[{"href":"https:\/\/eldiariodesanpedro.com.ar\/sitio\/wp-json\/wp\/v2\/types\/post"}],"author":[{"embeddable":true,"href":"https:\/\/eldiariodesanpedro.com.ar\/sitio\/wp-json\/wp\/v2\/users\/4"}],"replies":[{"embeddable":true,"href":"https:\/\/eldiariodesanpedro.com.ar\/sitio\/wp-json\/wp\/v2\/comments?post=41024"}],"version-history":[{"count":1,"href":"https:\/\/eldiariodesanpedro.com.ar\/sitio\/wp-json\/wp\/v2\/posts\/41024\/revisions"}],"predecessor-version":[{"id":41026,"href":"https:\/\/eldiariodesanpedro.com.ar\/sitio\/wp-json\/wp\/v2\/posts\/41024\/revisions\/41026"}],"wp:featuredmedia":[{"embeddable":true,"href":"https:\/\/eldiariodesanpedro.com.ar\/sitio\/wp-json\/wp\/v2\/media\/41025"}],"wp:attachment":[{"href":"https:\/\/eldiariodesanpedro.com.ar\/sitio\/wp-json\/wp\/v2\/media?parent=41024"}],"wp:term":[{"taxonomy":"category","embeddable":true,"href":"https:\/\/eldiariodesanpedro.com.ar\/sitio\/wp-json\/wp\/v2\/categories?post=41024"},{"taxonomy":"post_tag","embeddable":true,"href":"https:\/\/eldiariodesanpedro.com.ar\/sitio\/wp-json\/wp\/v2\/tags?post=41024"}],"curies":[{"name":"wp","href":"https:\/\/api.w.org\/{rel}","templated":true}]}}