{"id":41014,"date":"2018-09-29T10:19:30","date_gmt":"2018-09-29T13:19:30","guid":{"rendered":"https:\/\/eldiariodesanpedro.com.ar\/sitio\/?p=41014"},"modified":"2018-09-29T10:19:30","modified_gmt":"2018-09-29T13:19:30","slug":"accidente-una-motocicleta-perdio-el-control-cayendo-ambos-ocupantes-contra-el-asfalto","status":"publish","type":"post","link":"https:\/\/eldiariodesanpedro.com.ar\/sitio\/accidente-una-motocicleta-perdio-el-control-cayendo-ambos-ocupantes-contra-el-asfalto\/","title":{"rendered":"Accidente:  Una motocicleta perdi\u00f3 el control cayendo ambos ocupantes contra el asfalto"},"content":{"rendered":"<p><!-- VideographyWP Plugin Message: Automatic video embedding prevented by plugin options. --><br \/>\nEn la madrugada de hoy, promediando las 1:30 horas, en calle Pellegrini al 950, una motocicleta marca Mondial 70 cc, conducida por un menor de edad, acompa\u00f1ado por otro, pierde el control del rodado cayendo ambos contra el asfalto.<\/p>\n<p>Como consecuencia su acompa\u00f1ante result\u00f3 lesionado, siendo el mismo trasladado al Hospital local quien presenta fractura de hombro derecho y traumatismos varios, sin riesgo de vida. <\/p>\n<p>Investiga el hecho la fiscal\u00eda juvenil de San Nicolas<\/p>\n","protected":false},"excerpt":{"rendered":"<p>En la madrugada de hoy, promediando las 1:30 horas, en calle Pellegrini al 950, una motocicleta marca Mondial 70 cc, conducida por un menor de edad, acompa\u00f1ado por otro, pierde el control del rodado cayendo ambos contra el asfalto. Como consecuencia su acompa\u00f1ante result\u00f3 lesionado, siendo el mismo trasladado al Hospital local quien presenta fractura [&hellip;]<\/p>\n","protected":false},"author":4,"featured_media":27202,"comment_status":"open","ping_status":"closed","sticky":false,"template":"","format":"standard","meta":{"om_disable_all_campaigns":false,"_jetpack_memberships_contains_paid_content":false,"footnotes":""},"categories":[2,103],"tags":[],"class_list":["post-41014","post","type-post","status-publish","format-standard","has-post-thumbnail","hentry","category-locales","category-policiales-locales"],"aioseo_notices":[],"gutentor_comment":0,"jetpack_featured_media_url":"https:\/\/eldiariodesanpedro.com.ar\/sitio\/wp-content\/uploads\/2017\/12\/ambulancia-same-provincia.jpg","jetpack_shortlink":"https:\/\/wp.me\/p6RhLt-aFw","jetpack_sharing_enabled":true,"_links":{"self":[{"href":"https:\/\/eldiariodesanpedro.com.ar\/sitio\/wp-json\/wp\/v2\/posts\/41014","targetHints":{"allow":["GET"]}}],"collection":[{"href":"https:\/\/eldiariodesanpedro.com.ar\/sitio\/wp-json\/wp\/v2\/posts"}],"about":[{"href":"https:\/\/eldiariodesanpedro.com.ar\/sitio\/wp-json\/wp\/v2\/types\/post"}],"author":[{"embeddable":true,"href":"https:\/\/eldiariodesanpedro.com.ar\/sitio\/wp-json\/wp\/v2\/users\/4"}],"replies":[{"embeddable":true,"href":"https:\/\/eldiariodesanpedro.com.ar\/sitio\/wp-json\/wp\/v2\/comments?post=41014"}],"version-history":[{"count":1,"href":"https:\/\/eldiariodesanpedro.com.ar\/sitio\/wp-json\/wp\/v2\/posts\/41014\/revisions"}],"predecessor-version":[{"id":41015,"href":"https:\/\/eldiariodesanpedro.com.ar\/sitio\/wp-json\/wp\/v2\/posts\/41014\/revisions\/41015"}],"wp:featuredmedia":[{"embeddable":true,"href":"https:\/\/eldiariodesanpedro.com.ar\/sitio\/wp-json\/wp\/v2\/media\/27202"}],"wp:attachment":[{"href":"https:\/\/eldiariodesanpedro.com.ar\/sitio\/wp-json\/wp\/v2\/media?parent=41014"}],"wp:term":[{"taxonomy":"category","embeddable":true,"href":"https:\/\/eldiariodesanpedro.com.ar\/sitio\/wp-json\/wp\/v2\/categories?post=41014"},{"taxonomy":"post_tag","embeddable":true,"href":"https:\/\/eldiariodesanpedro.com.ar\/sitio\/wp-json\/wp\/v2\/tags?post=41014"}],"curies":[{"name":"wp","href":"https:\/\/api.w.org\/{rel}","templated":true}]}}