{"id":41012,"date":"2018-09-29T10:12:15","date_gmt":"2018-09-29T13:12:15","guid":{"rendered":"https:\/\/eldiariodesanpedro.com.ar\/sitio\/?p=41012"},"modified":"2018-09-29T10:12:15","modified_gmt":"2018-09-29T13:12:15","slug":"accidente-colision-entre-dos-motocicletas","status":"publish","type":"post","link":"https:\/\/eldiariodesanpedro.com.ar\/sitio\/accidente-colision-entre-dos-motocicletas\/","title":{"rendered":"Accidente: Colisi\u00f3n entre dos motocicletas"},"content":{"rendered":"<p><!-- VideographyWP Plugin Message: Automatic video embedding prevented by plugin options. --><br \/>\nEn la noche del viernes, alrededor de las 22hs, por razones que  se tratan de establecer, en intersecci\u00f3n de las calles Fray C. Rodr\u00edguez y Combate Obligado, una motocicleta marca Motomel 125 cc, conducida por una mujer de 29 a\u00f1os de edad, colisiona con otra  marca APPIA 150 cc, conducida por un hombre mayor de edad. <\/p>\n<p>Como consecuencia la mujer sufri\u00f3 lesiones leves, trasladada al Hospital por la ambulancia del SAME para su revisi\u00f3n. <\/p>\n<p>Investiga el hecho la fiscal\u00eda en turno de San Pedro.<\/p>\n","protected":false},"excerpt":{"rendered":"<p>En la noche del viernes, alrededor de las 22hs, por razones que se tratan de establecer, en intersecci\u00f3n de las calles Fray C. Rodr\u00edguez y Combate Obligado, una motocicleta marca Motomel 125 cc, conducida por una mujer de 29 a\u00f1os de edad, colisiona con otra marca APPIA 150 cc, conducida por un hombre mayor de [&hellip;]<\/p>\n","protected":false},"author":4,"featured_media":27202,"comment_status":"open","ping_status":"closed","sticky":false,"template":"","format":"standard","meta":{"om_disable_all_campaigns":false,"_jetpack_memberships_contains_paid_content":false,"footnotes":""},"categories":[2,103],"tags":[],"class_list":["post-41012","post","type-post","status-publish","format-standard","has-post-thumbnail","hentry","category-locales","category-policiales-locales"],"aioseo_notices":[],"gutentor_comment":0,"jetpack_featured_media_url":"https:\/\/eldiariodesanpedro.com.ar\/sitio\/wp-content\/uploads\/2017\/12\/ambulancia-same-provincia.jpg","jetpack_shortlink":"https:\/\/wp.me\/p6RhLt-aFu","jetpack_sharing_enabled":true,"_links":{"self":[{"href":"https:\/\/eldiariodesanpedro.com.ar\/sitio\/wp-json\/wp\/v2\/posts\/41012","targetHints":{"allow":["GET"]}}],"collection":[{"href":"https:\/\/eldiariodesanpedro.com.ar\/sitio\/wp-json\/wp\/v2\/posts"}],"about":[{"href":"https:\/\/eldiariodesanpedro.com.ar\/sitio\/wp-json\/wp\/v2\/types\/post"}],"author":[{"embeddable":true,"href":"https:\/\/eldiariodesanpedro.com.ar\/sitio\/wp-json\/wp\/v2\/users\/4"}],"replies":[{"embeddable":true,"href":"https:\/\/eldiariodesanpedro.com.ar\/sitio\/wp-json\/wp\/v2\/comments?post=41012"}],"version-history":[{"count":1,"href":"https:\/\/eldiariodesanpedro.com.ar\/sitio\/wp-json\/wp\/v2\/posts\/41012\/revisions"}],"predecessor-version":[{"id":41013,"href":"https:\/\/eldiariodesanpedro.com.ar\/sitio\/wp-json\/wp\/v2\/posts\/41012\/revisions\/41013"}],"wp:featuredmedia":[{"embeddable":true,"href":"https:\/\/eldiariodesanpedro.com.ar\/sitio\/wp-json\/wp\/v2\/media\/27202"}],"wp:attachment":[{"href":"https:\/\/eldiariodesanpedro.com.ar\/sitio\/wp-json\/wp\/v2\/media?parent=41012"}],"wp:term":[{"taxonomy":"category","embeddable":true,"href":"https:\/\/eldiariodesanpedro.com.ar\/sitio\/wp-json\/wp\/v2\/categories?post=41012"},{"taxonomy":"post_tag","embeddable":true,"href":"https:\/\/eldiariodesanpedro.com.ar\/sitio\/wp-json\/wp\/v2\/tags?post=41012"}],"curies":[{"name":"wp","href":"https:\/\/api.w.org\/{rel}","templated":true}]}}