{"id":41010,"date":"2018-09-29T10:01:23","date_gmt":"2018-09-29T13:01:23","guid":{"rendered":"https:\/\/eldiariodesanpedro.com.ar\/sitio\/?p=41010"},"modified":"2018-09-29T10:01:23","modified_gmt":"2018-09-29T13:01:23","slug":"aprehenden-a-un-sujeto-que-intento-agredir-a-la-policia-tenia-test-de-alcoholemia-positivo","status":"publish","type":"post","link":"https:\/\/eldiariodesanpedro.com.ar\/sitio\/aprehenden-a-un-sujeto-que-intento-agredir-a-la-policia-tenia-test-de-alcoholemia-positivo\/","title":{"rendered":"Aprehenden a un sujeto que intent\u00f3 agredir a la policia, tenia test de alcoholemia positivo"},"content":{"rendered":"<p><!-- VideographyWP Plugin Message: Automatic video embedding prevented by plugin options. --><br \/>\nA primeras horas de esta ma\u00f1ana, en calle Rivadavia y San Mart\u00edn, fue aprehendido un hombre que intenta agredir al personal policial y en el autom\u00f3vil que circulaba ten\u00eda marihuana y cuchillos varios. El auto qued\u00f3 secuestrado.<\/p>\n<p>El hecho se produjo en marco de un operativo del personal del GAD San Nicol\u00e1s, cuando un sujeto mayor de edad, se resiste al procedimiento de identificaci\u00f3n intentando agredir a los efectivos; se procede a la aprehensi\u00f3n del mismo y al realizarle el test de alcoholemia le da resultado positivo; adem\u00e1s se procedi\u00f3 tambi\u00e9n al secuestro del vehiculo en el que circulaba quien en su interior llevaba 1gr de marihuana y cuchillos varios.<\/p>\n","protected":false},"excerpt":{"rendered":"<p>A primeras horas de esta ma\u00f1ana, en calle Rivadavia y San Mart\u00edn, fue aprehendido un hombre que intenta agredir al personal policial y en el autom\u00f3vil que circulaba ten\u00eda marihuana y cuchillos varios. El auto qued\u00f3 secuestrado. El hecho se produjo en marco de un operativo del personal del GAD San Nicol\u00e1s, cuando un sujeto [&hellip;]<\/p>\n","protected":false},"author":4,"featured_media":30195,"comment_status":"open","ping_status":"closed","sticky":false,"template":"","format":"standard","meta":{"om_disable_all_campaigns":false,"_jetpack_memberships_contains_paid_content":false,"footnotes":""},"categories":[2,103],"tags":[],"class_list":["post-41010","post","type-post","status-publish","format-standard","has-post-thumbnail","hentry","category-locales","category-policiales-locales"],"aioseo_notices":[],"gutentor_comment":0,"jetpack_featured_media_url":"https:\/\/eldiariodesanpedro.com.ar\/sitio\/wp-content\/uploads\/2018\/03\/Aprehendido-y-ofuscado.jpg","jetpack_shortlink":"https:\/\/wp.me\/p6RhLt-aFs","jetpack_sharing_enabled":true,"_links":{"self":[{"href":"https:\/\/eldiariodesanpedro.com.ar\/sitio\/wp-json\/wp\/v2\/posts\/41010","targetHints":{"allow":["GET"]}}],"collection":[{"href":"https:\/\/eldiariodesanpedro.com.ar\/sitio\/wp-json\/wp\/v2\/posts"}],"about":[{"href":"https:\/\/eldiariodesanpedro.com.ar\/sitio\/wp-json\/wp\/v2\/types\/post"}],"author":[{"embeddable":true,"href":"https:\/\/eldiariodesanpedro.com.ar\/sitio\/wp-json\/wp\/v2\/users\/4"}],"replies":[{"embeddable":true,"href":"https:\/\/eldiariodesanpedro.com.ar\/sitio\/wp-json\/wp\/v2\/comments?post=41010"}],"version-history":[{"count":1,"href":"https:\/\/eldiariodesanpedro.com.ar\/sitio\/wp-json\/wp\/v2\/posts\/41010\/revisions"}],"predecessor-version":[{"id":41011,"href":"https:\/\/eldiariodesanpedro.com.ar\/sitio\/wp-json\/wp\/v2\/posts\/41010\/revisions\/41011"}],"wp:featuredmedia":[{"embeddable":true,"href":"https:\/\/eldiariodesanpedro.com.ar\/sitio\/wp-json\/wp\/v2\/media\/30195"}],"wp:attachment":[{"href":"https:\/\/eldiariodesanpedro.com.ar\/sitio\/wp-json\/wp\/v2\/media?parent=41010"}],"wp:term":[{"taxonomy":"category","embeddable":true,"href":"https:\/\/eldiariodesanpedro.com.ar\/sitio\/wp-json\/wp\/v2\/categories?post=41010"},{"taxonomy":"post_tag","embeddable":true,"href":"https:\/\/eldiariodesanpedro.com.ar\/sitio\/wp-json\/wp\/v2\/tags?post=41010"}],"curies":[{"name":"wp","href":"https:\/\/api.w.org\/{rel}","templated":true}]}}