{"id":41008,"date":"2018-09-29T09:44:48","date_gmt":"2018-09-29T12:44:48","guid":{"rendered":"https:\/\/eldiariodesanpedro.com.ar\/sitio\/?p=41008"},"modified":"2018-09-29T09:44:48","modified_gmt":"2018-09-29T12:44:48","slug":"personal-policial-realizaba-tareas-judiciales-y-fueron-atacados-por-15-personas","status":"publish","type":"post","link":"https:\/\/eldiariodesanpedro.com.ar\/sitio\/personal-policial-realizaba-tareas-judiciales-y-fueron-atacados-por-15-personas\/","title":{"rendered":"Personal policial realizaba tareas judiciales y fueron atacados por 15 personas"},"content":{"rendered":"<p><!-- VideographyWP Plugin Message: Automatic video embedding prevented by plugin options. --><br \/>\nEl hecho ocurri\u00f3 cerca del mediod\u00eda del viernes, cuando personal policial de la DDI se encontraba realizando tareas judiciales en intersecci\u00f3n de las calles Brenan y Javier Rivero, cuando fueron agredidos por m\u00e1s de 15 personas.<\/p>\n<p>Dos m\u00f3viles alertados por el evento acuden de refuerzo al lugar y, un grupo entre hombres y mujeres, los sorprenden con armas blancas, piedras y palos, resultando un oficial lesionado en el antebrazo derecho por un golpe con hierro y m\u00e1s lesiones en otras partes del cuerpo por piedrazos, quien fue asistido en el Hospital Local de car\u00e1cter leve.<\/p>\n<p>Obligados a retirarse  del lugar, sin aprehensiones. Investiga el hecho la Fiscal\u00eda en turno.<\/p>\n","protected":false},"excerpt":{"rendered":"<p>El hecho ocurri\u00f3 cerca del mediod\u00eda del viernes, cuando personal policial de la DDI se encontraba realizando tareas judiciales en intersecci\u00f3n de las calles Brenan y Javier Rivero, cuando fueron agredidos por m\u00e1s de 15 personas. Dos m\u00f3viles alertados por el evento acuden de refuerzo al lugar y, un grupo entre hombres y mujeres, los [&hellip;]<\/p>\n","protected":false},"author":4,"featured_media":32908,"comment_status":"open","ping_status":"closed","sticky":false,"template":"","format":"standard","meta":{"om_disable_all_campaigns":false,"_jetpack_memberships_contains_paid_content":false,"footnotes":""},"categories":[2,103],"tags":[],"class_list":["post-41008","post","type-post","status-publish","format-standard","has-post-thumbnail","hentry","category-locales","category-policiales-locales"],"aioseo_notices":[],"gutentor_comment":0,"jetpack_featured_media_url":"https:\/\/eldiariodesanpedro.com.ar\/sitio\/wp-content\/uploads\/2018\/05\/patrullero-nuevo_3.jpg","jetpack_shortlink":"https:\/\/wp.me\/p6RhLt-aFq","jetpack_sharing_enabled":true,"_links":{"self":[{"href":"https:\/\/eldiariodesanpedro.com.ar\/sitio\/wp-json\/wp\/v2\/posts\/41008","targetHints":{"allow":["GET"]}}],"collection":[{"href":"https:\/\/eldiariodesanpedro.com.ar\/sitio\/wp-json\/wp\/v2\/posts"}],"about":[{"href":"https:\/\/eldiariodesanpedro.com.ar\/sitio\/wp-json\/wp\/v2\/types\/post"}],"author":[{"embeddable":true,"href":"https:\/\/eldiariodesanpedro.com.ar\/sitio\/wp-json\/wp\/v2\/users\/4"}],"replies":[{"embeddable":true,"href":"https:\/\/eldiariodesanpedro.com.ar\/sitio\/wp-json\/wp\/v2\/comments?post=41008"}],"version-history":[{"count":1,"href":"https:\/\/eldiariodesanpedro.com.ar\/sitio\/wp-json\/wp\/v2\/posts\/41008\/revisions"}],"predecessor-version":[{"id":41009,"href":"https:\/\/eldiariodesanpedro.com.ar\/sitio\/wp-json\/wp\/v2\/posts\/41008\/revisions\/41009"}],"wp:featuredmedia":[{"embeddable":true,"href":"https:\/\/eldiariodesanpedro.com.ar\/sitio\/wp-json\/wp\/v2\/media\/32908"}],"wp:attachment":[{"href":"https:\/\/eldiariodesanpedro.com.ar\/sitio\/wp-json\/wp\/v2\/media?parent=41008"}],"wp:term":[{"taxonomy":"category","embeddable":true,"href":"https:\/\/eldiariodesanpedro.com.ar\/sitio\/wp-json\/wp\/v2\/categories?post=41008"},{"taxonomy":"post_tag","embeddable":true,"href":"https:\/\/eldiariodesanpedro.com.ar\/sitio\/wp-json\/wp\/v2\/tags?post=41008"}],"curies":[{"name":"wp","href":"https:\/\/api.w.org\/{rel}","templated":true}]}}