{"id":41000,"date":"2018-09-28T20:24:20","date_gmt":"2018-09-28T23:24:20","guid":{"rendered":"https:\/\/eldiariodesanpedro.com.ar\/sitio\/?p=41000"},"modified":"2026-01-24T00:10:49","modified_gmt":"2026-01-24T03:10:49","slug":"ciclismo-habra-actividad-en-el-panoramico","status":"publish","type":"post","link":"https:\/\/eldiariodesanpedro.com.ar\/sitio\/ciclismo-habra-actividad-en-el-panoramico\/","title":{"rendered":"CICLISMO: Habr\u00e1 actividad en el Panor\u00e1mico"},"content":{"rendered":"<p><!-- VideographyWP Plugin Message: Automatic video embedding prevented by plugin options. --><br \/>\nUn interesante programa de competencias para este s\u00e1bado 29 de Septiembre bajo la organizaci\u00f3n de Pro Ciclismo San Pedro que se desarrollar\u00e1 en el circuito Panor\u00e1mico del Oeste.<br \/>\n  La actividad dar\u00e1 comienzo a las 13:00 con la largada de la primera prueba y a partir de all\u00ed las diferentes categor\u00edas para completar una tarde a puro pedal.<\/p>\n<p><strong>Cronograma de pruebas<\/strong><br \/>\n13:00 Pe\u00f1a Ciclistas Sampedrinos<br \/>\n13:00 Menores y Mayores zonales<br \/>\n14:00 Infantiles.<br \/>\n14:15 M\u00e1ster D y Damas.<br \/>\n15:00 M\u00e1ster B-2 y Master C.<br \/>\n16:00 Promocionales, M\u00e1ster A y M\u00e1ster B<\/p>\n","protected":false},"excerpt":{"rendered":"<p>Un interesante programa de competencias para este s\u00e1bado 29 de Septiembre bajo la organizaci\u00f3n de Pro Ciclismo San Pedro que se desarrollar\u00e1 en el circuito Panor\u00e1mico del Oeste. La actividad dar\u00e1 comienzo a las 13:00 con la largada de la primera prueba y a partir de all\u00ed las diferentes categor\u00edas para completar una tarde a [&hellip;]<\/p>\n","protected":false},"author":4,"featured_media":24046,"comment_status":"open","ping_status":"closed","sticky":false,"template":"","format":"standard","meta":{"om_disable_all_campaigns":false,"_jetpack_memberships_contains_paid_content":false,"footnotes":""},"categories":[5],"tags":[],"class_list":["post-41000","post","type-post","status-publish","format-standard","has-post-thumbnail","hentry","category-deportes"],"aioseo_notices":[],"gutentor_comment":0,"jetpack_featured_media_url":"https:\/\/eldiariodesanpedro.com.ar\/sitio\/wp-content\/uploads\/2017\/10\/ciclismo-2.jpg","jetpack_shortlink":"https:\/\/wp.me\/p6RhLt-aFi","jetpack_sharing_enabled":true,"_links":{"self":[{"href":"https:\/\/eldiariodesanpedro.com.ar\/sitio\/wp-json\/wp\/v2\/posts\/41000","targetHints":{"allow":["GET"]}}],"collection":[{"href":"https:\/\/eldiariodesanpedro.com.ar\/sitio\/wp-json\/wp\/v2\/posts"}],"about":[{"href":"https:\/\/eldiariodesanpedro.com.ar\/sitio\/wp-json\/wp\/v2\/types\/post"}],"author":[{"embeddable":true,"href":"https:\/\/eldiariodesanpedro.com.ar\/sitio\/wp-json\/wp\/v2\/users\/4"}],"replies":[{"embeddable":true,"href":"https:\/\/eldiariodesanpedro.com.ar\/sitio\/wp-json\/wp\/v2\/comments?post=41000"}],"version-history":[{"count":2,"href":"https:\/\/eldiariodesanpedro.com.ar\/sitio\/wp-json\/wp\/v2\/posts\/41000\/revisions"}],"predecessor-version":[{"id":41003,"href":"https:\/\/eldiariodesanpedro.com.ar\/sitio\/wp-json\/wp\/v2\/posts\/41000\/revisions\/41003"}],"wp:featuredmedia":[{"embeddable":true,"href":"https:\/\/eldiariodesanpedro.com.ar\/sitio\/wp-json\/wp\/v2\/media\/24046"}],"wp:attachment":[{"href":"https:\/\/eldiariodesanpedro.com.ar\/sitio\/wp-json\/wp\/v2\/media?parent=41000"}],"wp:term":[{"taxonomy":"category","embeddable":true,"href":"https:\/\/eldiariodesanpedro.com.ar\/sitio\/wp-json\/wp\/v2\/categories?post=41000"},{"taxonomy":"post_tag","embeddable":true,"href":"https:\/\/eldiariodesanpedro.com.ar\/sitio\/wp-json\/wp\/v2\/tags?post=41000"}],"curies":[{"name":"wp","href":"https:\/\/api.w.org\/{rel}","templated":true}]}}