{"id":40994,"date":"2018-09-28T20:21:46","date_gmt":"2018-09-28T23:21:46","guid":{"rendered":"https:\/\/eldiariodesanpedro.com.ar\/sitio\/?p=40994"},"modified":"2026-01-24T00:10:49","modified_gmt":"2026-01-24T03:10:49","slug":"futbol-local-si-el-tiempo-lo-permite-se-juega-el-domingo","status":"publish","type":"post","link":"https:\/\/eldiariodesanpedro.com.ar\/sitio\/futbol-local-si-el-tiempo-lo-permite-se-juega-el-domingo\/","title":{"rendered":"F\u00daTBOL LOCAL: Si el tiempo lo permite se juega el Domingo"},"content":{"rendered":"<p><!-- VideographyWP Plugin Message: Automatic video embedding prevented by plugin options. --><br \/>\n  Los horarios para completar la sexta fecha del torneo Clausura, a jugarse en su totalidad el este domingo, sobresale el cl\u00e1sico Am\u00e9rica-Independencia, es el siguiente:<\/p>\n<p>10.30 (5\u00b0), 11.45 (4\u00b0), 13.00 (3\u00b0), 14.30 (Sub 21) y 16.15 (1\u00b0)<br \/>\nBanfield \u2013 Fundici\u00f3n FC<br \/>\nAgricultores \u2013 Ireneo Portela<br \/>\nCentral C\u00f3rdoba \u2013 Sportivo<br \/>\nParan\u00e1 FC \u2013 La Esperanza<br \/>\nSan Roque FC \u2013 Rivadavia<br \/>\nLas Palmeras \u2013 Dep. Alsina<br \/>\nGral. San Mart\u00edn \u2013 Atl\u00e9tico<br \/>\n11.00 (5\u00b0), 12.15 (4\u00b0), 13.30 (3\u00b0), 15.00 (Sub 21) y 16.45 (1\u00b0)<br \/>\nAm\u00e9rica \u2013 Independencia FC<\/p>\n<p><strong>Posiciones<\/strong><br \/>\n<em>Quinta<\/em><br \/>\nZona A: La Esperanza 14, Paran\u00e1 13, Sportivo 12, Banfield 10, C. C\u00f3rdoba 4, Fundici\u00f3n 4, Am\u00e9rica 4, Agricultores 3, I. Portela 3.<br \/>\nZona B: Mitre 15, Independencia 13, Rivadavia 13, G. San Mart\u00edn 10, Atl\u00e9tico 7, San Roque 7, Def. Unidos 3, Alsina 0, Las Palmeras 0.<\/p>\n<p><em>Cuarta<\/em><br \/>\nZona A: Sportivo 15, Paran\u00e1 15, La Esperanza 12, C. C\u00f3rdoba 9, Fundici\u00f3n 7, I. Portela 6, Agricultores 6, Am\u00e9rica 4, Banfield 0.<br \/>\nZona B: Atl\u00e9tico 13, Mitre 13, Def. Unidos 11, Rivadavia 7, G. San Mart\u00edn 7, Independencia 6, San Roque 5, Las Palmeras 3, Alsina 0.<br \/>\nTercera<\/p>\n<p>Zona A: Agricultores 13, Sportivo 12, Paran\u00e1 10, Am\u00e9rica 8, La Esperanza 7, Fundici\u00f3n 6, I. Portela 4, C. C\u00f3rdoba 3, Banfield 0.<br \/>\nZona B: G. San Mart\u00edn 13, Independencia 12, Mitre 11, Rivadavia 7, Atl\u00e9tico 7, Las Palmeras 7, San Roque 5, Def. Unidos 4, Alsina 4.<br \/>\nSub 21<\/p>\n<p>Zona A: Portela 15, La Esperanza 10, Sportivo 10, Agricultores 10, Paran\u00e1 10, Banfield 8, Fundici\u00f3n 3, Am\u00e9rica 3, C. C\u00f3rdoba 1.<br \/>\nZona B: Mitre 13, San Roque 10, Independencia 9, Atl\u00e9tico 7, Def. Unidos 7, San Mart\u00edn 6, Alsina 4, Rivadavia 3, Las Palmeras 1.<\/p>\n<p><strong>Primera divisi\u00f3n- Torneo Clausura Anual Clasificatorio<\/strong><br \/>\n<em>Zona \u201cA\u201d\t <\/em><br \/>\nSportivo 15<br \/>\nC. C\u00f3rdoba 11<br \/>\nLa Esperanza 13<br \/>\nParan\u00e1 FC 8<br \/>\nFundici\u00f3n FC 6<br \/>\nBanfield 5<br \/>\nAm\u00e9rica 4<br \/>\nI. Portela 3<br \/>\nAgricultores Club 0<\/p>\n<p><em>Zona \u201cB\u201d\t <\/em><br \/>\nMitre\t14<br \/>\nAtl\u00e9tico 11<br \/>\nIndependencia FC 9<br \/>\nLas Palmeras 8<br \/>\nAlsina 7<br \/>\nG. San Mart\u00edn 7<br \/>\nDef. Unidos 4<br \/>\nRivadavia 2<br \/>\nSan Roque FC 1<\/p>\n<p><strong>Tabla general (Apertura-Clausura 2018)<\/strong><br \/>\nMitre 38 *<br \/>\nSportivo 35 *<br \/>\nLa Esperanza 35 *<br \/>\nAtl\u00e9tico 28<br \/>\nSan Mart\u00edn 28<br \/>\nLas Palmeras 26<br \/>\nParan\u00e1 FC 25<br \/>\nBanfield 24<br \/>\nCentral C\u00f3rdoba 21<br \/>\nAlsina 20<br \/>\nIndependencia FC 19<br \/>\nDef. Unidos 14<br \/>\nRivadavia 12<br \/>\nAm\u00e9rica 10<br \/>\nIreneo Portela 10<br \/>\nAgricultores Club 10<br \/>\nFundici\u00f3n FC 6 **<br \/>\nSan Roque FC 1 **<br \/>\n* Ya se aseguraron un lugar en la categor\u00eda \u201cA\u201d. ** Ya descendieron a la categor\u00eda \u201cB\u201d.<\/p>\n<p><strong>GOLEADORES<\/strong><br \/>\n<em>Primera divisi\u00f3n<\/em><br \/>\nFrancisco Esp\u00edndola (Mitre) 7<br \/>\nAgust\u00edn Poll (Sportivo) 10<br \/>\nJos\u00e9 G\u00f3mez (G. San Mart\u00edn) 6<br \/>\nLeandro Grassi (C. C\u00f3rdoba) 6<\/p>\n<p><em>Sub 21<\/em><br \/>\nEzequiel Chaparro (Def. Unidos) 4<br \/>\nWilliam Ben\u00edtez (Agricultores) 3<br \/>\nEl\u00edas Obreg\u00f3n (Rivadavia) 3<br \/>\nTom\u00e1s Portillo (Agricultores) 3<\/p>\n<p><em>Tercera<\/em><br \/>\nMaximiliano Luque (G. San Mart\u00edn) 5<br \/>\nEsteban Astorga (La Esperanza) 3<br \/>\nMarcelo Barrios (Paran\u00e1) 3<br \/>\nRom\u00e1n Ducasse (Rivadavia) 3<br \/>\nJoel Peralta (Independencia) 3<\/p>\n<p><em>Cuarta<\/em><br \/>\nFacundo P\u00e9rez (Atl\u00e9tico) 7<br \/>\nValent\u00edn Saucedo (La Esperanza) 6<br \/>\nFacundo Siarra (Paran\u00e1) 6<\/p>\n<p><em>Quinta<\/em><br \/>\nJuli\u00e1n Botheatoz (Sportivo) 17<br \/>\nFranco Cano (Paran\u00e1) 7<br \/>\nRodrigo Burgue\u00f1o (Banfield) 6<\/p>\n","protected":false},"excerpt":{"rendered":"<p>Los horarios para completar la sexta fecha del torneo Clausura, a jugarse en su totalidad el este domingo, sobresale el cl\u00e1sico Am\u00e9rica-Independencia, es el siguiente: 10.30 (5\u00b0), 11.45 (4\u00b0), 13.00 (3\u00b0), 14.30 (Sub 21) y 16.15 (1\u00b0) Banfield \u2013 Fundici\u00f3n FC Agricultores \u2013 Ireneo Portela Central C\u00f3rdoba \u2013 Sportivo Paran\u00e1 FC \u2013 La Esperanza San [&hellip;]<\/p>\n","protected":false},"author":4,"featured_media":21255,"comment_status":"open","ping_status":"closed","sticky":false,"template":"","format":"standard","meta":{"om_disable_all_campaigns":false,"_jetpack_memberships_contains_paid_content":false,"footnotes":""},"categories":[5],"tags":[],"class_list":["post-40994","post","type-post","status-publish","format-standard","has-post-thumbnail","hentry","category-deportes"],"aioseo_notices":[],"gutentor_comment":0,"jetpack_featured_media_url":"https:\/\/eldiariodesanpedro.com.ar\/sitio\/wp-content\/uploads\/2017\/07\/futbol-arco.jpg","jetpack_shortlink":"https:\/\/wp.me\/p6RhLt-aFc","jetpack_sharing_enabled":true,"_links":{"self":[{"href":"https:\/\/eldiariodesanpedro.com.ar\/sitio\/wp-json\/wp\/v2\/posts\/40994","targetHints":{"allow":["GET"]}}],"collection":[{"href":"https:\/\/eldiariodesanpedro.com.ar\/sitio\/wp-json\/wp\/v2\/posts"}],"about":[{"href":"https:\/\/eldiariodesanpedro.com.ar\/sitio\/wp-json\/wp\/v2\/types\/post"}],"author":[{"embeddable":true,"href":"https:\/\/eldiariodesanpedro.com.ar\/sitio\/wp-json\/wp\/v2\/users\/4"}],"replies":[{"embeddable":true,"href":"https:\/\/eldiariodesanpedro.com.ar\/sitio\/wp-json\/wp\/v2\/comments?post=40994"}],"version-history":[{"count":2,"href":"https:\/\/eldiariodesanpedro.com.ar\/sitio\/wp-json\/wp\/v2\/posts\/40994\/revisions"}],"predecessor-version":[{"id":40999,"href":"https:\/\/eldiariodesanpedro.com.ar\/sitio\/wp-json\/wp\/v2\/posts\/40994\/revisions\/40999"}],"wp:featuredmedia":[{"embeddable":true,"href":"https:\/\/eldiariodesanpedro.com.ar\/sitio\/wp-json\/wp\/v2\/media\/21255"}],"wp:attachment":[{"href":"https:\/\/eldiariodesanpedro.com.ar\/sitio\/wp-json\/wp\/v2\/media?parent=40994"}],"wp:term":[{"taxonomy":"category","embeddable":true,"href":"https:\/\/eldiariodesanpedro.com.ar\/sitio\/wp-json\/wp\/v2\/categories?post=40994"},{"taxonomy":"post_tag","embeddable":true,"href":"https:\/\/eldiariodesanpedro.com.ar\/sitio\/wp-json\/wp\/v2\/tags?post=40994"}],"curies":[{"name":"wp","href":"https:\/\/api.w.org\/{rel}","templated":true}]}}