{"id":40993,"date":"2018-09-28T20:18:56","date_gmt":"2018-09-28T23:18:56","guid":{"rendered":"https:\/\/eldiariodesanpedro.com.ar\/sitio\/?p=40993"},"modified":"2026-01-24T00:10:50","modified_gmt":"2026-01-24T03:10:50","slug":"silvio-velo-y-los-murcielagos-concentran-previo-al-viaje-con-la-seleccion-a-japon","status":"publish","type":"post","link":"https:\/\/eldiariodesanpedro.com.ar\/sitio\/silvio-velo-y-los-murcielagos-concentran-previo-al-viaje-con-la-seleccion-a-japon\/","title":{"rendered":"Silvio Velo y Los Murci\u00e9lagos concentran previo al viaje con la selecci\u00f3n a Jap\u00f3n"},"content":{"rendered":"<p><!-- VideographyWP Plugin Message: Automatic video embedding prevented by plugin options. --><br \/>\nLa Selecci\u00f3n Argentina de f\u00fatbol para ciegos se concentrar\u00e1 en el Centro de Alto Rendimiento (CeNARD) con vistas a la gira que realizar\u00e1 por Jap\u00f3n, donde jugar\u00e1 una serie de amistosos contra el seleccionado local en la primera semana de noviembre. Viajar\u00e1 Silvio Velo.<\/p>\n<p>  El cuerpo t\u00e9cnico integrado por los entrenadores nacionales Mart\u00edn Demonte, Claudio Falco y Germ\u00e1n M\u00e1rquez junto al asistente t\u00e9cnico Agust\u00edn Rojas convoc\u00f3 a Dar\u00edo Lencina y Guido Consoni (Estudiantes de La Plata) y Germ\u00e1n Muleck (Rosell de San Isidro), arqueros; Silvio Velo (Boca Juniors), Froil\u00e1n Padilla y Marcelo Panizza (River Plate); Federico Accardi (Municipalidad de Godoy Cruz, Mendoza); \u00c1ngel Deldo (ACHADEC de Chaco); David Peralta e Ignacio Oviedo (Estudiantes de La Plata); Maximiliano Espinillo (UCORCI de C\u00f3rdoba); Lucas Rodr\u00edguez, Nicol\u00e1s V\u00e9liz y Daniel Iturria (Municipalidad de C\u00f3rdoba).<\/p>\n","protected":false},"excerpt":{"rendered":"<p>La Selecci\u00f3n Argentina de f\u00fatbol para ciegos se concentrar\u00e1 en el Centro de Alto Rendimiento (CeNARD) con vistas a la gira que realizar\u00e1 por Jap\u00f3n, donde jugar\u00e1 una serie de amistosos contra el seleccionado local en la primera semana de noviembre. Viajar\u00e1 Silvio Velo. El cuerpo t\u00e9cnico integrado por los entrenadores nacionales Mart\u00edn Demonte, Claudio [&hellip;]<\/p>\n","protected":false},"author":4,"featured_media":26655,"comment_status":"open","ping_status":"closed","sticky":false,"template":"","format":"standard","meta":{"om_disable_all_campaigns":false,"_jetpack_memberships_contains_paid_content":false,"footnotes":""},"categories":[5],"tags":[],"class_list":["post-40993","post","type-post","status-publish","format-standard","has-post-thumbnail","hentry","category-deportes"],"aioseo_notices":[],"gutentor_comment":0,"jetpack_featured_media_url":"https:\/\/eldiariodesanpedro.com.ar\/sitio\/wp-content\/uploads\/2017\/12\/Los-Murci\u00e9lagos-siguen-haciendo-historia.jpg","jetpack_shortlink":"https:\/\/wp.me\/p6RhLt-aFb","jetpack_sharing_enabled":true,"_links":{"self":[{"href":"https:\/\/eldiariodesanpedro.com.ar\/sitio\/wp-json\/wp\/v2\/posts\/40993","targetHints":{"allow":["GET"]}}],"collection":[{"href":"https:\/\/eldiariodesanpedro.com.ar\/sitio\/wp-json\/wp\/v2\/posts"}],"about":[{"href":"https:\/\/eldiariodesanpedro.com.ar\/sitio\/wp-json\/wp\/v2\/types\/post"}],"author":[{"embeddable":true,"href":"https:\/\/eldiariodesanpedro.com.ar\/sitio\/wp-json\/wp\/v2\/users\/4"}],"replies":[{"embeddable":true,"href":"https:\/\/eldiariodesanpedro.com.ar\/sitio\/wp-json\/wp\/v2\/comments?post=40993"}],"version-history":[{"count":2,"href":"https:\/\/eldiariodesanpedro.com.ar\/sitio\/wp-json\/wp\/v2\/posts\/40993\/revisions"}],"predecessor-version":[{"id":40996,"href":"https:\/\/eldiariodesanpedro.com.ar\/sitio\/wp-json\/wp\/v2\/posts\/40993\/revisions\/40996"}],"wp:featuredmedia":[{"embeddable":true,"href":"https:\/\/eldiariodesanpedro.com.ar\/sitio\/wp-json\/wp\/v2\/media\/26655"}],"wp:attachment":[{"href":"https:\/\/eldiariodesanpedro.com.ar\/sitio\/wp-json\/wp\/v2\/media?parent=40993"}],"wp:term":[{"taxonomy":"category","embeddable":true,"href":"https:\/\/eldiariodesanpedro.com.ar\/sitio\/wp-json\/wp\/v2\/categories?post=40993"},{"taxonomy":"post_tag","embeddable":true,"href":"https:\/\/eldiariodesanpedro.com.ar\/sitio\/wp-json\/wp\/v2\/tags?post=40993"}],"curies":[{"name":"wp","href":"https:\/\/api.w.org\/{rel}","templated":true}]}}