{"id":40984,"date":"2018-09-28T19:33:33","date_gmt":"2018-09-28T22:33:33","guid":{"rendered":"https:\/\/eldiariodesanpedro.com.ar\/sitio\/?p=40984"},"modified":"2018-09-28T19:33:33","modified_gmt":"2018-09-28T22:33:33","slug":"arranco-el-15o-country-music-festival","status":"publish","type":"post","link":"https:\/\/eldiariodesanpedro.com.ar\/sitio\/arranco-el-15o-country-music-festival\/","title":{"rendered":"Arranc\u00f3 el 15\u00ba Country Music Festival"},"content":{"rendered":"<p><!-- VideographyWP Plugin Message: Automatic video embedding prevented by plugin options. --><br \/>\nArranc\u00f3 la primera jornada del gran espect\u00e1culo sampedrino acompa\u00f1ado de las condiciones clim\u00e1ticas, con una sucesi\u00f3n de presentaciones en vivo en el escenario del Paseo P\u00fablico Municipal que incluyeron adem\u00e1s de m\u00fasica country, otros g\u00e9neros que han sido parte de la propuesta desde el comienzo.<\/p>\n<p>  La Municipalidad de San Pedro, la Embajada de Estados Unidos en Argentina y un grupo de empresas locales y nacionales respaldan esta iniciativa que registra un crecimiento constante en cada una de sus anteriores 14 ediciones. La producci\u00f3n corre por cuenta del sitio web www.country2.com, la empresa Ultra Comunicaci\u00f3n, la radio local Estaci\u00f3n San Pedro 88.7 e Independencia F\u00fatbol Club.<\/p>\n<p> En la programaci\u00f3n se destacan protagonistas de ediciones anteriores, regresos y los principales animadores del estilo en Argentina llegando desde Tierra del Fuego hasta Misiones. Desde el exterior llegar\u00e1 Rodrigo Hadad desde Brasil, protagonista de varios festivales y el americano Jonny Kaplan (ex Blind Melon) con una formaci\u00f3n que incluye a m\u00fasicos de grandes bandas americanas.<\/p>\n<p>  Volver\u00e1n el Gospel con el coro cordob\u00e9s Kumbaya y el swing con B\u00fafalo Billys el viernes, y cerrando el s\u00e1bado la Rock &#038; Rule Swing Orchestra. El tributo a Creedence de Far West y los Pelvis que grabar\u00e1n un video en vivo en San Pedro son parte de la programaci\u00f3n del viernes que arrancar\u00e1 a las 14. El toque sampedrino lo aportar\u00e1n King Bee, Feli Rolfo y Basiliki San Folk. El cierre del domingo lo protagonizar\u00e1 Yulie Ruth (ex bajista de Pappo) con su legendaria banda Las Ruedas del Sur.<br \/>\n  La Avenida Costanera permanecer\u00e1 abierta al tr\u00e1nsito y tambi\u00e9n el interior del Paseo P\u00fablico para circulaci\u00f3n y estacionamiento. La administraci\u00f3n de puestos de venta s\u00f3lo permitidos en el interior del predio est\u00e1 a cargo de Independencia F\u00fatbol Club. En caso de mal tiempo y atendiendo la evoluci\u00f3n de la situaci\u00f3n se analizar\u00e1n reprogramaciones en el gimnasio de Independencia (Ayacucho y Combate de Obligado) o eventualmente la cancelaci\u00f3n de algunos espect\u00e1culos. El festival no se posterga.<\/p>\n<p>  Reiteramos la programaci\u00f3n completa para este s\u00e1bado y domingo:<\/p>\n<p>S\u00e1bado 29 \u2013 11.30 hs.<br \/>\n11:30 Blues &#038; Travel<br \/>\n11:55 La Rockabilera<br \/>\n12:20 Lajtavary Family Band<br \/>\n12:45 Syncerus<br \/>\n13:10 Angry Zeta &#038; The Hillbullys<br \/>\n13:35 Lorena Sartori (Resistencia, Chaco)<br \/>\n14:05 Feli Rolfo (San Pedro)<br \/>\n14:30 Country Gru\u00f1on<br \/>\n14:55 Hot Pickin\u2019 Brothers<br \/>\n15:20 Basiliki San Folk (San Pedro)<br \/>\n15:45 Titi Stier<br \/>\n16:15 Presumidos (Bah\u00eda Blanca, BA)<br \/>\n16:50 Fernando Goin<br \/>\n17:25 Henry Donati<br \/>\n18:05 Jonny Kaplan &#038; The Lazy Stars (EEUU)<br \/>\n18:50 Melody &#038; Co.<br \/>\n19:25 Max &#038; Line Dance Club<br \/>\n20:00 Coro Gospel Kumbaya (C\u00f3rdoba)<br \/>\n20:35 Fede Petro<br \/>\n21:10 Johnny Tedesco<br \/>\n21:50 Rock &#038; Rule Swing Orchestra (Rosario, Santa Fe)<\/p>\n<p>Domingo 30 \u2013 11.30 hs.<br \/>\n11:30 Orlando Curti &#038; The Groove Seekers<br \/>\n11:55 The Mahoganys<br \/>\n12:20 Caelica (Bariloche, R\u00edo Negro)<br \/>\n12:50 Rebeca Caldera &#038; The Crazy Riders<br \/>\n13:15 Maverick Country Band (Ushuaia, Tierra Del Fuego)<br \/>\n13:45 Gabriel Taborda All Show<br \/>\n14:10 Gabriel Gratzer<br \/>\n14:35 Bronco Country Music (Totoras, Sta. Fe)<br \/>\n15:00 Los Bufalos Sedientos (C\u00f3rdoba)<br \/>\n15:30 Billy La Rocka<br \/>\n16:00 Nati Bravo<br \/>\n16:25 Pasto Loco<br \/>\n16:50 Gus Di Bella &#038; Joshua 3<br \/>\n17:15 Botas Tejanas 5 (Rosario, Sta. Fe)<br \/>\n17:45 No Bull<br \/>\n18:20 Rodrigo Haddad (San Pablo, Brasil)<br \/>\n19:00 Adrian Tigen<br \/>\n19:30 The Rey Band<br \/>\n20:05 Wanted<br \/>\n20:40 Yulie Ruth &#038; Las Ruedas Del Sur<\/p>\n","protected":false},"excerpt":{"rendered":"<p>Arranc\u00f3 la primera jornada del gran espect\u00e1culo sampedrino acompa\u00f1ado de las condiciones clim\u00e1ticas, con una sucesi\u00f3n de presentaciones en vivo en el escenario del Paseo P\u00fablico Municipal que incluyeron adem\u00e1s de m\u00fasica country, otros g\u00e9neros que han sido parte de la propuesta desde el comienzo. La Municipalidad de San Pedro, la Embajada de Estados Unidos [&hellip;]<\/p>\n","protected":false},"author":4,"featured_media":40989,"comment_status":"open","ping_status":"closed","sticky":false,"template":"","format":"standard","meta":{"om_disable_all_campaigns":false,"_jetpack_memberships_contains_paid_content":false,"footnotes":""},"categories":[50,101,2],"tags":[],"class_list":["post-40984","post","type-post","status-publish","format-standard","has-post-thumbnail","hentry","category-destacadas","category-interes-general-locales","category-locales"],"aioseo_notices":[],"gutentor_comment":0,"jetpack_featured_media_url":"https:\/\/eldiariodesanpedro.com.ar\/sitio\/wp-content\/uploads\/2018\/09\/42871438_2360660083950636_8367893621839495168_n.jpg","jetpack_shortlink":"https:\/\/wp.me\/p6RhLt-aF2","jetpack_sharing_enabled":true,"_links":{"self":[{"href":"https:\/\/eldiariodesanpedro.com.ar\/sitio\/wp-json\/wp\/v2\/posts\/40984","targetHints":{"allow":["GET"]}}],"collection":[{"href":"https:\/\/eldiariodesanpedro.com.ar\/sitio\/wp-json\/wp\/v2\/posts"}],"about":[{"href":"https:\/\/eldiariodesanpedro.com.ar\/sitio\/wp-json\/wp\/v2\/types\/post"}],"author":[{"embeddable":true,"href":"https:\/\/eldiariodesanpedro.com.ar\/sitio\/wp-json\/wp\/v2\/users\/4"}],"replies":[{"embeddable":true,"href":"https:\/\/eldiariodesanpedro.com.ar\/sitio\/wp-json\/wp\/v2\/comments?post=40984"}],"version-history":[{"count":1,"href":"https:\/\/eldiariodesanpedro.com.ar\/sitio\/wp-json\/wp\/v2\/posts\/40984\/revisions"}],"predecessor-version":[{"id":40990,"href":"https:\/\/eldiariodesanpedro.com.ar\/sitio\/wp-json\/wp\/v2\/posts\/40984\/revisions\/40990"}],"wp:featuredmedia":[{"embeddable":true,"href":"https:\/\/eldiariodesanpedro.com.ar\/sitio\/wp-json\/wp\/v2\/media\/40989"}],"wp:attachment":[{"href":"https:\/\/eldiariodesanpedro.com.ar\/sitio\/wp-json\/wp\/v2\/media?parent=40984"}],"wp:term":[{"taxonomy":"category","embeddable":true,"href":"https:\/\/eldiariodesanpedro.com.ar\/sitio\/wp-json\/wp\/v2\/categories?post=40984"},{"taxonomy":"post_tag","embeddable":true,"href":"https:\/\/eldiariodesanpedro.com.ar\/sitio\/wp-json\/wp\/v2\/tags?post=40984"}],"curies":[{"name":"wp","href":"https:\/\/api.w.org\/{rel}","templated":true}]}}