{"id":40981,"date":"2018-09-28T18:47:04","date_gmt":"2018-09-28T21:47:04","guid":{"rendered":"https:\/\/eldiariodesanpedro.com.ar\/sitio\/?p=40981"},"modified":"2018-09-28T18:47:04","modified_gmt":"2018-09-28T21:47:04","slug":"aprehendieron-a-tres-menores-delincuentes-dentro-de-una-finca","status":"publish","type":"post","link":"https:\/\/eldiariodesanpedro.com.ar\/sitio\/aprehendieron-a-tres-menores-delincuentes-dentro-de-una-finca\/","title":{"rendered":"Aprehendieron a tres menores delincuentes dentro de una finca"},"content":{"rendered":"<p><!-- VideographyWP Plugin Message: Automatic video embedding prevented by plugin options. --><br \/>\nEn la tarde del viernes, personal de la rural, es comisionado al Establecimiento \u00abLa Fortuna\u00bb, sita Paraje \u201cLa Celina\u201d luego de recibir un llamado de parte de sus propietarios donde hab\u00eda gente en el interior de la misma.<\/p>\n<p>En el interior del campo sorprenden a tres j\u00f3venes menores de edad que se encontraban melodiando el lugar preparados para entrar a la vivienda del morador. <\/p>\n<p>Los delincuentes, oriundos de la localidad de Rio Tala, son aprehendidos siendo luego trasladados a sede policial. Comunicado a Fscal\u00eda del Joven N 2, del Depto. Judicial de San Nicol\u00e1s, avalo lo actuado, disponiendo la notificaci\u00f3n de derechos seg\u00fan Art. N\u00b060 del C.P.P. y 36 de la ley 13.634 y el N\u00b040 de la Convenci\u00f3n Sobre los Derechos del Ni\u00f1o y posteriormente libertad.<\/p>\n","protected":false},"excerpt":{"rendered":"<p>En la tarde del viernes, personal de la rural, es comisionado al Establecimiento \u00abLa Fortuna\u00bb, sita Paraje \u201cLa Celina\u201d luego de recibir un llamado de parte de sus propietarios donde hab\u00eda gente en el interior de la misma. En el interior del campo sorprenden a tres j\u00f3venes menores de edad que se encontraban melodiando el [&hellip;]<\/p>\n","protected":false},"author":4,"featured_media":40982,"comment_status":"open","ping_status":"closed","sticky":false,"template":"","format":"standard","meta":{"om_disable_all_campaigns":false,"_jetpack_memberships_contains_paid_content":false,"footnotes":""},"categories":[50,2,103],"tags":[],"class_list":["post-40981","post","type-post","status-publish","format-standard","has-post-thumbnail","hentry","category-destacadas","category-locales","category-policiales-locales"],"aioseo_notices":[],"gutentor_comment":0,"jetpack_featured_media_url":"https:\/\/eldiariodesanpedro.com.ar\/sitio\/wp-content\/uploads\/2018\/09\/WhatsApp-Image-2018-09-28-at-16.16.21.jpeg","jetpack_shortlink":"https:\/\/wp.me\/p6RhLt-aEZ","jetpack_sharing_enabled":true,"_links":{"self":[{"href":"https:\/\/eldiariodesanpedro.com.ar\/sitio\/wp-json\/wp\/v2\/posts\/40981","targetHints":{"allow":["GET"]}}],"collection":[{"href":"https:\/\/eldiariodesanpedro.com.ar\/sitio\/wp-json\/wp\/v2\/posts"}],"about":[{"href":"https:\/\/eldiariodesanpedro.com.ar\/sitio\/wp-json\/wp\/v2\/types\/post"}],"author":[{"embeddable":true,"href":"https:\/\/eldiariodesanpedro.com.ar\/sitio\/wp-json\/wp\/v2\/users\/4"}],"replies":[{"embeddable":true,"href":"https:\/\/eldiariodesanpedro.com.ar\/sitio\/wp-json\/wp\/v2\/comments?post=40981"}],"version-history":[{"count":1,"href":"https:\/\/eldiariodesanpedro.com.ar\/sitio\/wp-json\/wp\/v2\/posts\/40981\/revisions"}],"predecessor-version":[{"id":40983,"href":"https:\/\/eldiariodesanpedro.com.ar\/sitio\/wp-json\/wp\/v2\/posts\/40981\/revisions\/40983"}],"wp:featuredmedia":[{"embeddable":true,"href":"https:\/\/eldiariodesanpedro.com.ar\/sitio\/wp-json\/wp\/v2\/media\/40982"}],"wp:attachment":[{"href":"https:\/\/eldiariodesanpedro.com.ar\/sitio\/wp-json\/wp\/v2\/media?parent=40981"}],"wp:term":[{"taxonomy":"category","embeddable":true,"href":"https:\/\/eldiariodesanpedro.com.ar\/sitio\/wp-json\/wp\/v2\/categories?post=40981"},{"taxonomy":"post_tag","embeddable":true,"href":"https:\/\/eldiariodesanpedro.com.ar\/sitio\/wp-json\/wp\/v2\/tags?post=40981"}],"curies":[{"name":"wp","href":"https:\/\/api.w.org\/{rel}","templated":true}]}}