{"id":40977,"date":"2018-09-28T10:53:13","date_gmt":"2018-09-28T13:53:13","guid":{"rendered":"https:\/\/eldiariodesanpedro.com.ar\/sitio\/?p=40977"},"modified":"2018-09-28T10:53:13","modified_gmt":"2018-09-28T13:53:13","slug":"como-ayudar-a-un-suicida-los-llamados-de-atencion","status":"publish","type":"post","link":"https:\/\/eldiariodesanpedro.com.ar\/sitio\/como-ayudar-a-un-suicida-los-llamados-de-atencion\/","title":{"rendered":"C\u00f3mo ayudar a un suicida, los llamados de atenci\u00f3n"},"content":{"rendered":"<p><!-- VideographyWP Plugin Message: Automatic video embedding prevented by plugin options. --><br \/>\nLuis  Tobares, Psic\u00f3logo de nuestra ciudad dialog\u00f3 en la ma\u00f1ana de FM Diferente para ayudarnos a entender este acto, que hace que un individuo acabe con su vida y lo m\u00e1s importante c\u00f3mo ayudar para prevenir.<\/p>\n<p>\u201cEl suicidio esta entre la segunda y la tercer causa de muerte entre j\u00f3venes de 14 a 25 a\u00f1os, la primera son los accidentes. Si bien no son lo mismo, ambas est\u00e1n relacionadas a la falta de cuidado de la vida, que pasa en la adolescencia  muchas veces en l\u00edneas generales. Se dice que hay  muchos chicos que tienen intento de suicidio y que son llamados de atenci\u00f3n, el tema es que uno lo que no puede hacer en esos casos es quedarse con es que es un llamados de atenci\u00f3n, cuando sucede eso hay que tomarlos en serio y que hay que prestarle mucha atenci\u00f3n, estar observando, estar conteniendo a ese chico, eso en primer lugar\u201d.<\/p>\n<p>Hay  como un viejo  dicho que  dice el suicida nos avisa \u00bfEs as\u00ed o no?<\/p>\n<p>\u201cA veces s\u00ed y otras no, no avisa en cuanto a dar conocer  lo que va hacer. Pero lo avisa en otras cosas, lo avisa quiz\u00e1s a trav\u00e9s de un estado depresivo, un aislamiento,  una actitud mas melanc\u00f3lica, donde no encuentra sentido a la vida. Hay factores de riesgo que uno tiene que tener en cuenta, no quiere decir que uno encuentre un factor de riesgo y eso  signifique que vaya a haber una  conducta suicida, pero si hay tener en cuenta esas cosas\u201d.<\/p>\n<p>\u00bfC\u00f3mo manejamos a esos chicos que  presentan  estos  \u201cavisos\u201d?<\/p>\n<p>Es importante observar  a ese chico en lo general y saber con qu\u00e9 redes sociales humanas  cuenta, saber si encuentra  de alguna forma  contenido en diferentes espacios,  si pueden explicar y\/o manisfestar  eso que le est\u00e1 pasando o si  es un chico que est\u00e1 aislado y eso de laguna forma  nos lleva a un un diagn\u00f3stico . Creo que prestarle atenci\u00f3n  a algunas cosas que son los factores de riesgo entre ellos: chicos que por ah\u00ed  no se sienten valorados  por su entorno, chicos que tiendan aislarse, a estar solos, a no interactuar con grupo de amigos, a hacer actividades deportivas  o estar incluidos en determinados espacios, chicos que hayan tenido  alg\u00fan golpe emocional muy fuerte como puede ser la p\u00e9rdida de un noviazgo con el que canalizaban todo, estaban como muy metidos en un noviazgo y de pronto  rompen con eso y no tienen  una red social de amigos; que hayan tenido algo que ellos lo vivan como un fracaso- repetir de a\u00f1o, quedar fuera  de algo-, chicos con estado depresivo, que a veces sucede- la depresi\u00f3n en el  adolescente, donde no disfruten de la vida, pierdan el deseo de hacer determinadas cosas, no tenga voluntad, \u2013 lo que se llama abulia- falta de voluntad para hacer las cosas, donde ya no disfruten de las cosas que antes  disfrutaban. Chicos  que tengan antecedentes familiares  de patolog\u00edas psiqui\u00e1tricas o antecedentes familiares de suicidio, chicos que por ah\u00ed su entorno no acepte si orientaci\u00f3n sexual , su familia, su amigos.Todos estos  son indicadores de  factores de riesgo.<\/p>\n<p>\u00bfCu\u00e1nto  de esta vida moderna, del consumismo, de las redes sociales influye al momento de que un chico de 15 a\u00f1os decida terminar con su vida?<\/p>\n<p>\u201cObviamente que hay cambios sociales y esta sociedad contiene menos, porque de alguna forma  nos  exige m\u00e1s, a todos. Uno es en la medida  que es reconocido por los otros, en la medida que tiene m\u00e1s amigos en las redes sociales, en la medida que muestra m\u00e1s cosas y esas cosas son m\u00e1s aceptadas. Entonces de pronto quien no es aceptado, quien no entra dentro de determinados c\u00e1nones de belleza, sociales, del tener para poder ser- porque hoy por hoy pasa primero tengo y despu\u00e9s soy- entonces quien no llega por ah\u00ed se siente frustrado  y si uno tiene baja tolerancia a la frustraci\u00f3n ante  todo eso empieza a tener s\u00edntomas depresivos. Hay chicos en los que ante eso, m\u00e1s alguna frustraci\u00f3n fuerte  empiezan   a aparecer factores de riesgo como  auto lesiones. Luego el chico ya no se incluye en lo grupos, no tiene amigos, no hace alguna actividad por fuera de la escuela, pierde el deseo  por la escuela  y uno empieza a ver factores de riesgo y no digo que necesariamente quien  tenga eso vaya a cometer un acto de suicidio, pero es muy importante prestar especial  atenci\u00f3n a eso  y por las dudas hacer alguna consulta a un profesional .\u201d    <\/p>\n<p>En Baradero podemos acudir a pedir ayuda, como familia o como paciente, a las salas de Atenci\u00f3n primaria de la salud.<\/p>\n<p>Fuente: Baradero Te Informa<\/p>\n","protected":false},"excerpt":{"rendered":"<p>Luis Tobares, Psic\u00f3logo de nuestra ciudad dialog\u00f3 en la ma\u00f1ana de FM Diferente para ayudarnos a entender este acto, que hace que un individuo acabe con su vida y lo m\u00e1s importante c\u00f3mo ayudar para prevenir. \u201cEl suicidio esta entre la segunda y la tercer causa de muerte entre j\u00f3venes de 14 a 25 a\u00f1os, [&hellip;]<\/p>\n","protected":false},"author":4,"featured_media":40978,"comment_status":"open","ping_status":"closed","sticky":false,"template":"","format":"standard","meta":{"om_disable_all_campaigns":false,"_jetpack_memberships_contains_paid_content":false,"footnotes":""},"categories":[621],"tags":[],"class_list":["post-40977","post","type-post","status-publish","format-standard","has-post-thumbnail","hentry","category-regionales"],"aioseo_notices":[],"gutentor_comment":0,"jetpack_featured_media_url":"https:\/\/eldiariodesanpedro.com.ar\/sitio\/wp-content\/uploads\/2018\/09\/073246_xl.jpg","jetpack_shortlink":"https:\/\/wp.me\/p6RhLt-aEV","jetpack_sharing_enabled":true,"_links":{"self":[{"href":"https:\/\/eldiariodesanpedro.com.ar\/sitio\/wp-json\/wp\/v2\/posts\/40977","targetHints":{"allow":["GET"]}}],"collection":[{"href":"https:\/\/eldiariodesanpedro.com.ar\/sitio\/wp-json\/wp\/v2\/posts"}],"about":[{"href":"https:\/\/eldiariodesanpedro.com.ar\/sitio\/wp-json\/wp\/v2\/types\/post"}],"author":[{"embeddable":true,"href":"https:\/\/eldiariodesanpedro.com.ar\/sitio\/wp-json\/wp\/v2\/users\/4"}],"replies":[{"embeddable":true,"href":"https:\/\/eldiariodesanpedro.com.ar\/sitio\/wp-json\/wp\/v2\/comments?post=40977"}],"version-history":[{"count":1,"href":"https:\/\/eldiariodesanpedro.com.ar\/sitio\/wp-json\/wp\/v2\/posts\/40977\/revisions"}],"predecessor-version":[{"id":40979,"href":"https:\/\/eldiariodesanpedro.com.ar\/sitio\/wp-json\/wp\/v2\/posts\/40977\/revisions\/40979"}],"wp:featuredmedia":[{"embeddable":true,"href":"https:\/\/eldiariodesanpedro.com.ar\/sitio\/wp-json\/wp\/v2\/media\/40978"}],"wp:attachment":[{"href":"https:\/\/eldiariodesanpedro.com.ar\/sitio\/wp-json\/wp\/v2\/media?parent=40977"}],"wp:term":[{"taxonomy":"category","embeddable":true,"href":"https:\/\/eldiariodesanpedro.com.ar\/sitio\/wp-json\/wp\/v2\/categories?post=40977"},{"taxonomy":"post_tag","embeddable":true,"href":"https:\/\/eldiariodesanpedro.com.ar\/sitio\/wp-json\/wp\/v2\/tags?post=40977"}],"curies":[{"name":"wp","href":"https:\/\/api.w.org\/{rel}","templated":true}]}}