{"id":40974,"date":"2018-09-28T10:47:39","date_gmt":"2018-09-28T13:47:39","guid":{"rendered":"https:\/\/eldiariodesanpedro.com.ar\/sitio\/?p=40974"},"modified":"2018-09-28T10:47:39","modified_gmt":"2018-09-28T13:47:39","slug":"san-nicolas-se-presento-el-super-tc2000","status":"publish","type":"post","link":"https:\/\/eldiariodesanpedro.com.ar\/sitio\/san-nicolas-se-presento-el-super-tc2000\/","title":{"rendered":"SAN NICOL\u00c1S: Se present\u00f3 el S\u00faper TC2000"},"content":{"rendered":"<p><!-- VideographyWP Plugin Message: Automatic video embedding prevented by plugin options. --><br \/>\nEl estreno del aut\u00f3dromo \u201cSan Nicol\u00e1s Ciudad\u201d est\u00e1 cada vez m\u00e1s cerca. Ayer, con la presencia de autoridades y pilotos, se present\u00f3 oficialmente en el despacho del Intendente Municipal la d\u00e9cima fecha del campeonato de S\u00faper TC2000, que junto con la Fiat Competizione y la F\u00f3rmula 2.0 ser\u00e1n las categor\u00edas que har\u00e1n rugir por primera vez al circuito nicole\u00f1o.<\/p>\n<p>El sue\u00f1o \u201cfierrero\u201d de la ciudad dio ayer uno de sus \u00faltimos pasos antes de convertirse en realidad. En su despacho, el Intendente Manuel Passaglia recibi\u00f3 a la principal autoridad del Super TC2000, Antonio Abrazian, y a los pilotos Agust\u00edn Canapino (Equipo Chevrolet YPF), Facundo Ardusso (Renault Sport), N\u00e9stor Girolami (Team Peugeot Total Argentina) y Mat\u00edas Milla (Sportteam Competici\u00f3n), en lo que fue la conferencia de prensa que dej\u00f3 oficialmente presentada la d\u00e9cima fecha del campeonato, que estrenar\u00e1 el aut\u00f3dromo \u201cSan Nicol\u00e1s Ciudad\u201d del viernes 5 al domingo 7 de octubre.<\/p>\n<p>\u201cEn un principio nos dec\u00edan que era pr\u00e1cticamente imposible para un Municipio de la provincia de Buenos Aires poder construir un aut\u00f3dromo y un predio ferial, y hoy estamos a pocos d\u00edas de su inauguraci\u00f3n, de que se convierta en realidad. Realmente es una alegr\u00eda enorme\u201d, expres\u00f3 Passaglia en la apertura de la rueda de prensa, que cont\u00f3 con la presencia de medios locales y nacionales. \u201cElegimos construir un predio ferial con un aut\u00f3dromo, unir las dos cosas en un mismo lugar para que siempre est\u00e9 lleno de vida y sea una f\u00e1brica de trabajo para nuestra ciudad\u201d, explic\u00f3 luego, y agreg\u00f3: \u201cHace poco tiempo tuvimos la Expoagro, en donde visitaron San Nicol\u00e1s m\u00e1s de 150 mil personas; tuvimos llenos todos los hoteles, se alquilaron todas las casas, las quintas, se llenaron los restaurantes. Realmente el beneficio para la ciudad y para toda la regi\u00f3n fue enorme. Estamos convencidos de que el automovilismo tambi\u00e9n va a ser igual de beneficioso, y que va a llenar de vida y de turismo a nuestra ciudad\u201d.<\/p>\n<p>Tambi\u00e9n form\u00f3 parte de los oradores Antonio Negro, responsable comercial del proyecto y del predio, quien se\u00f1al\u00f3 que \u201cEste proyecto est\u00e1 pensando a largo plazo, la idea es posicionar a San Nicol\u00e1s a nivel nacional, est\u00e1 ubicado estrat\u00e9gicamente en una posici\u00f3n geogr\u00e1fica que es el corredor m\u00e1s transitado de la Argentina\u201d, y agreg\u00f3: \u201cEn cuanto a lo deportivo, encaramos esto junto con Manuel apoy\u00e1ndonos en las categor\u00edas, en los pilotos, en todos los entendidos del tema. En cuanto a la calidad constructiva del circuito, no quiero dejar de nombrar al ing. Sergio Salazar, que estuvo como cabeza de obra. Es una calidad de primer nivel, porque tiene un asfalto de pol\u00edmero que todos los pilotos elogiaron, el predio tiene ocho accesos para que los usuarios tengan una experiencia \u00fanica, que entren y salgan r\u00e1pido, tiene un play\u00f3n de boxes de 15000 m2, sala de prensa grande, torre de control de 5 pisos\u2026 estamos preparados\u201d.<\/p>\n<p>Los protagonistas<br \/>\nFacundo Ardusso viene de ganar este fin de semana en Termas de R\u00edo Hondo y qued\u00f3 segundo en el campeonato, apenas dos puntos por debajo de Agust\u00edn Canapino. Ambos ayer brindaron sus sensaciones de cara al debut del aut\u00f3dromo nicole\u00f1o. \u201cA la pista la vengo conociendo desde hace tiempo, tuve la posibilidad de charlar con los chicos en la carrera de Rosario, s\u00e9 el esfuerzo que le han puesto para poder llevar adelante este proyecto\u201d, cont\u00f3 Ardusso, y se\u00f1al\u00f3 que \u201cVamos a inaugurar una pista y va a ser un gran desaf\u00edo para los pilotos y los equipos en cuanto a la adaptaci\u00f3n a un nuevo trazado. Estoy feliz de que sea cerca de casa, en San Nicol\u00e1s, en una zona muy fierrera. Creo que geogr\u00e1ficamente debe ser la pista mejor ubicada del pa\u00eds. Con mi equipo nos vamos a preparar fuerte para poder ser protagonistas y ser los primeros ganadores de este circuito\u201d, tir\u00f3 el de Las Parejas.<\/p>\n<p>Canapino, l\u00edder del campeonato, expres\u00f3: \u201cTiene muy buena pinta el asfalto, estoy ansioso por conocerlo\u201d. \u201cPara m\u00ed es la carrera que voy a correr m\u00e1s cerca de mi casa en toda mi vida, nunca corr\u00ed tan cerca de Arrecifes, as\u00ed que les quiero agradecer por hacer este aut\u00f3dromo en esta ciudad tan linda como San Nicol\u00e1s\u201d, tir\u00f3 entre risas el piloto de Chevrolet, que cont\u00f3 que \u201cNo me imaginaba que la ciudad era tan grande; estoy seguro que el aut\u00f3dromo tambi\u00e9n me va a sorprender para bien\u201d. Respecto de la fecha que se viene, la primera de las tres \u00faltimas que quedan en la definici\u00f3n del campeonato, el arrecife\u00f1o Dijo: \u201cEs un lindo desaf\u00edo, siempre que hay un aut\u00f3dromo nuevo es una improvisaci\u00f3n constante, todos los equipos evolucionan mucho en casa salida a pista al igual que los pilotos, porque a la mayor\u00eda de los aut\u00f3dromos que vamos los conocemos bien, as\u00ed que es un lindo desaf\u00edo y sobre todo en esta instancia del campeonato donde estamos punto a punto definiendo el torneo, la que viene es una fecha fundamental y por lo tanto un lindo desaf\u00edo para ese fin de semana que correremos ac\u00e1\u201d.<\/p>\n<p>N\u00e9stor Girolami, piloto del DTA nicole\u00f1o, expres\u00f3: \u201cEs una gran alegr\u00eda poder ser \u2018locales\u2019 con todo el equipo de Ulises Armellini. Como piloto es un gran desaf\u00edo, porque siempre ir a una pista nueva genera esa cosa de tener que adaptarse en un corto tiempo, porque tenemos solo dos entrenamientos, y aquel piloto y equipo que entiendan mejor la pista y se puedan adecuar mejor de cara a la clasificaci\u00f3n va a sacar una diferencia importante\u201d. Adem\u00e1s, el \u201cBebu\u201d opin\u00f3 que \u201cVa a ser una carrera con un gran marco de p\u00fablico, que va a tener la posibilidad de pasar un gran fin de semana y de vivir junto al SuperTC200 todas las acciones que se hacen; no solo es la carrera, sino que hay un parque especialmente montado para que todos los espectadores puedan estar cerca de los pilotos, vivir acciones institucionales en lo previo, andar en los autos de show car que tenemos y vivir una gran fiesta\u201d.<\/p>\n<p>Mat\u00edas Milla, del SportTeam, se sum\u00f3 a las felicitaciones, reconoci\u00f3 que llega a esta fecha \u201cbuscando la recuperaci\u00f3n\u201d, y dijo: \u201cVeremos c\u00f3mo est\u00e1 la pista, si tiene lugares buenos de sobrepaso y esperemos llevarnos un podio, respetando siempre a los que pelean el campeonato, que est\u00e1 bien picante y le recomiendo al p\u00fablico que no se la pierda\u201d.<\/p>\n","protected":false},"excerpt":{"rendered":"<p>El estreno del aut\u00f3dromo \u201cSan Nicol\u00e1s Ciudad\u201d est\u00e1 cada vez m\u00e1s cerca. Ayer, con la presencia de autoridades y pilotos, se present\u00f3 oficialmente en el despacho del Intendente Municipal la d\u00e9cima fecha del campeonato de S\u00faper TC2000, que junto con la Fiat Competizione y la F\u00f3rmula 2.0 ser\u00e1n las categor\u00edas que har\u00e1n rugir por primera [&hellip;]<\/p>\n","protected":false},"author":4,"featured_media":40975,"comment_status":"open","ping_status":"closed","sticky":false,"template":"","format":"standard","meta":{"om_disable_all_campaigns":false,"_jetpack_memberships_contains_paid_content":false,"footnotes":""},"categories":[621],"tags":[],"class_list":["post-40974","post","type-post","status-publish","format-standard","has-post-thumbnail","hentry","category-regionales"],"aioseo_notices":[],"gutentor_comment":0,"jetpack_featured_media_url":"https:\/\/eldiariodesanpedro.com.ar\/sitio\/wp-content\/uploads\/2018\/09\/elnorte5bac972478d8c_1-foptonocia-autodromo.jpg","jetpack_shortlink":"https:\/\/wp.me\/p6RhLt-aES","jetpack_sharing_enabled":true,"_links":{"self":[{"href":"https:\/\/eldiariodesanpedro.com.ar\/sitio\/wp-json\/wp\/v2\/posts\/40974","targetHints":{"allow":["GET"]}}],"collection":[{"href":"https:\/\/eldiariodesanpedro.com.ar\/sitio\/wp-json\/wp\/v2\/posts"}],"about":[{"href":"https:\/\/eldiariodesanpedro.com.ar\/sitio\/wp-json\/wp\/v2\/types\/post"}],"author":[{"embeddable":true,"href":"https:\/\/eldiariodesanpedro.com.ar\/sitio\/wp-json\/wp\/v2\/users\/4"}],"replies":[{"embeddable":true,"href":"https:\/\/eldiariodesanpedro.com.ar\/sitio\/wp-json\/wp\/v2\/comments?post=40974"}],"version-history":[{"count":1,"href":"https:\/\/eldiariodesanpedro.com.ar\/sitio\/wp-json\/wp\/v2\/posts\/40974\/revisions"}],"predecessor-version":[{"id":40976,"href":"https:\/\/eldiariodesanpedro.com.ar\/sitio\/wp-json\/wp\/v2\/posts\/40974\/revisions\/40976"}],"wp:featuredmedia":[{"embeddable":true,"href":"https:\/\/eldiariodesanpedro.com.ar\/sitio\/wp-json\/wp\/v2\/media\/40975"}],"wp:attachment":[{"href":"https:\/\/eldiariodesanpedro.com.ar\/sitio\/wp-json\/wp\/v2\/media?parent=40974"}],"wp:term":[{"taxonomy":"category","embeddable":true,"href":"https:\/\/eldiariodesanpedro.com.ar\/sitio\/wp-json\/wp\/v2\/categories?post=40974"},{"taxonomy":"post_tag","embeddable":true,"href":"https:\/\/eldiariodesanpedro.com.ar\/sitio\/wp-json\/wp\/v2\/tags?post=40974"}],"curies":[{"name":"wp","href":"https:\/\/api.w.org\/{rel}","templated":true}]}}