{"id":40970,"date":"2018-09-28T10:39:17","date_gmt":"2018-09-28T13:39:17","guid":{"rendered":"https:\/\/eldiariodesanpedro.com.ar\/sitio\/?p=40970"},"modified":"2018-09-28T10:39:17","modified_gmt":"2018-09-28T13:39:17","slug":"san-nicolas-comienza-una-nueva-edicion-del-modelo-naciones-unidas","status":"publish","type":"post","link":"https:\/\/eldiariodesanpedro.com.ar\/sitio\/san-nicolas-comienza-una-nueva-edicion-del-modelo-naciones-unidas\/","title":{"rendered":"SAN NICOLAS: Comienza una nueva edici\u00f3n del Modelo Naciones Unidas"},"content":{"rendered":"<p><!-- VideographyWP Plugin Message: Automatic video embedding prevented by plugin options. --><br \/>\nEl acto de apertura de la vig\u00e9sima edici\u00f3n ser\u00e1 hoy a las 14:00 en el Teatro Municipal. Los j\u00f3venes debatir\u00e1n s\u00e1bado y domingo en la Escuela T\u00e9cnica 2, sobre temas de actualidad internacional, representando la postura del pa\u00eds que les fue asignado, y llegando a consensos y soluciones. El acto de cierre ser\u00e1 el 30 a las 18:00, en Moreno 74.<br \/>\nHoy a las 14:00 en el Teatro Municipal, se llevar\u00e1 a cabo el acto de apertura de la vig\u00e9sima edici\u00f3n del Encuentro Uniendo Metas \u2013 Modelo de Naciones Unidas de San Nicol\u00e1s.<br \/>\nLos organizadores adelantaron que estar\u00e1n presentes: la presidente de la Asociaci\u00f3n Conciencia, Beby Lacroze; el director de Organizaciones Intermedias y Diplomacia p\u00fablica del Ministerio de Relaciones Exteriores y Culto de la Naci\u00f3n, Gonzalo Ortiz de Z\u00e1rate; el subsecretario de Educaci\u00f3n de la Provincia de Buenos Aires, Sergio Siciliano; la consejera General de Educaci\u00f3n de la Provincia de Buenos Aires, Luciana Padulo y autoridades locales.<br \/>\nEl Programa Uniendo Metas &#8211; Modelo de Naciones Unidas es un proyecto educativo impulsado por la Asociaci\u00f3n Conciencia que consiste en una simulaci\u00f3n por parte de alumnos secundarios del sistema de las Naciones Unidas, representando el rol de diplom\u00e1ticos, ministros y embajadores, de los pa\u00edses que integran dicha organizaci\u00f3n.<\/p>\n<p>Tres d\u00edas de debate<br \/>\nA trav\u00e9s de la capacitaci\u00f3n y la participaci\u00f3n en ejercicios de simulaci\u00f3n y de di\u00e1logo comprendidos bajo la Metodolog\u00eda de Naciones Unidas, este programa brinda a los estudiantes de todo el pa\u00eds la oportunidad de poner en pr\u00e1ctica sus conocimientos y experiencias, dialogar y fortalecer los lazos sociales con sus pares, y estar mejor preparados como tomadores de decisi\u00f3n tanto para su vida individual como social.<br \/>\nEn esta edici\u00f3n del Encuentro participan 700 alumnos de 45 escuelas secundarias de todo el pa\u00eds, siendo el Modelo m\u00e1s grande de la regi\u00f3n. Los j\u00f3venes debatir\u00e1n durante tres d\u00edas (s\u00e1bado y domingo en la Escuela T\u00e9cnica 2) sobre temas de actualidad internacional, representando la postura del pa\u00eds que les fue asignado, y llegando a consensos y soluciones.<\/p>\n<p>Futuro l\u00edderes<br \/>\nDe esta manera, mediante el di\u00e1logo y el debate, se busca formar a los j\u00f3venes en valores como la tolerancia, el respeto y la participaci\u00f3n ciudadana. El programa constituye una herramienta fundamental para la formaci\u00f3n de futuros l\u00edderes que desde su lugar puedan colaborar en mejorar su entorno.<br \/>\n\u00abSomos un equipo de 56 voluntarios que trabajamos todo el a\u00f1o para poder llevar adelante este programa Educativo. Estamos muy contentos con la respuesta que a\u00f1o tras a\u00f1o tenemos de los alumnos y docentes\u201d, cont\u00f3 Martina Sanseau, Presidente del comit\u00e9 organizador.<br \/>\nEl domingo a las 18 en la Escuela T\u00e9cnica 2 (Av. Moreno 74) se llevar\u00e1 a cabo el acto de clausura. Los organizadores invitan a toda la comunidad a ambas jornadas.<\/p>\n<p>De inter\u00e9s, eco friendly y TICs<br \/>\nEl pasado 14 de junio, el Honorable Concejo Deliberante local declar\u00f3 al Programa Uniendo Metas San Nicol\u00e1s como Proyecto de inter\u00e9s municipal a trav\u00e9s del decreto 20\/H\/18.<br \/>\nUniendo Metas es declarado de inter\u00e9s a\u00f1o a a\u00f1o por el Ministerio de Educaci\u00f3n y el Senado de la Naci\u00f3n, como tambi\u00e9n cuenta con el apoyo institucional del Centro de Informaci\u00f3n de Naciones Unidas.<br \/>\nEn esta vig\u00e9sima edici\u00f3n se implementar\u00e1n varias novedades para los alumnos. Ser\u00e1 un Modelo \u201ceco-friendly\u201d, ecol\u00f3gico, por lo que la meta es disminuir el uso de papel (que es uno de los insumos que m\u00e1s se utiliza durante los d\u00edas del Encuentro) e implementar mecanismos de separaci\u00f3n de residuos y reciclaje.<br \/>\nAdem\u00e1s, las Tecnolog\u00edas de la Informaci\u00f3n y la Comunicaci\u00f3n (tics) jugar\u00e1n un papel central para conectar y aumentar el desarrollo de los alumnos en el Encuentro. En las capacitaciones se suma el equipo de RobotGroup con quienes se lleva adelante talleres de rob\u00f3tica destinados a adolescentes. Los participantes del programa ponen en pr\u00e1ctica habilidades para la buena comunicaci\u00f3n, organizaci\u00f3n, puntualidad, pensamiento cr\u00edtico, creatividad y sociabilidad a trav\u00e9s de la resoluci\u00f3n de desaf\u00edos de rob\u00f3tica. Los desaf\u00edos de programaci\u00f3n se plantean en un marco de discusi\u00f3n y trabajo en equipo para encontrar la soluci\u00f3n m\u00e1s eficiente, relacion\u00e1ndolos con los Objetivos de Desarrollo Sustentables (ODS).<br \/>\nLa otra gran novedad es la implementaci\u00f3n de una delegaci\u00f3n de alumnos que va a verificar los discursos de los delegados, a trav\u00e9s del sistema de la ONG de periodismo de datos Chequeado.com.<\/p>\n","protected":false},"excerpt":{"rendered":"<p>El acto de apertura de la vig\u00e9sima edici\u00f3n ser\u00e1 hoy a las 14:00 en el Teatro Municipal. Los j\u00f3venes debatir\u00e1n s\u00e1bado y domingo en la Escuela T\u00e9cnica 2, sobre temas de actualidad internacional, representando la postura del pa\u00eds que les fue asignado, y llegando a consensos y soluciones. El acto de cierre ser\u00e1 el 30 [&hellip;]<\/p>\n","protected":false},"author":4,"featured_media":40972,"comment_status":"open","ping_status":"closed","sticky":false,"template":"","format":"standard","meta":{"om_disable_all_campaigns":false,"_jetpack_memberships_contains_paid_content":false,"footnotes":""},"categories":[621],"tags":[],"class_list":["post-40970","post","type-post","status-publish","format-standard","has-post-thumbnail","hentry","category-regionales"],"aioseo_notices":[],"gutentor_comment":0,"jetpack_featured_media_url":"https:\/\/eldiariodesanpedro.com.ar\/sitio\/wp-content\/uploads\/2018\/09\/elnorte5bade90391a80_1-onu.jpg","jetpack_shortlink":"https:\/\/wp.me\/p6RhLt-aEO","jetpack_sharing_enabled":true,"_links":{"self":[{"href":"https:\/\/eldiariodesanpedro.com.ar\/sitio\/wp-json\/wp\/v2\/posts\/40970","targetHints":{"allow":["GET"]}}],"collection":[{"href":"https:\/\/eldiariodesanpedro.com.ar\/sitio\/wp-json\/wp\/v2\/posts"}],"about":[{"href":"https:\/\/eldiariodesanpedro.com.ar\/sitio\/wp-json\/wp\/v2\/types\/post"}],"author":[{"embeddable":true,"href":"https:\/\/eldiariodesanpedro.com.ar\/sitio\/wp-json\/wp\/v2\/users\/4"}],"replies":[{"embeddable":true,"href":"https:\/\/eldiariodesanpedro.com.ar\/sitio\/wp-json\/wp\/v2\/comments?post=40970"}],"version-history":[{"count":1,"href":"https:\/\/eldiariodesanpedro.com.ar\/sitio\/wp-json\/wp\/v2\/posts\/40970\/revisions"}],"predecessor-version":[{"id":40973,"href":"https:\/\/eldiariodesanpedro.com.ar\/sitio\/wp-json\/wp\/v2\/posts\/40970\/revisions\/40973"}],"wp:featuredmedia":[{"embeddable":true,"href":"https:\/\/eldiariodesanpedro.com.ar\/sitio\/wp-json\/wp\/v2\/media\/40972"}],"wp:attachment":[{"href":"https:\/\/eldiariodesanpedro.com.ar\/sitio\/wp-json\/wp\/v2\/media?parent=40970"}],"wp:term":[{"taxonomy":"category","embeddable":true,"href":"https:\/\/eldiariodesanpedro.com.ar\/sitio\/wp-json\/wp\/v2\/categories?post=40970"},{"taxonomy":"post_tag","embeddable":true,"href":"https:\/\/eldiariodesanpedro.com.ar\/sitio\/wp-json\/wp\/v2\/tags?post=40970"}],"curies":[{"name":"wp","href":"https:\/\/api.w.org\/{rel}","templated":true}]}}