{"id":40967,"date":"2018-09-28T10:29:06","date_gmt":"2018-09-28T13:29:06","guid":{"rendered":"https:\/\/eldiariodesanpedro.com.ar\/sitio\/?p=40967"},"modified":"2018-09-28T10:29:06","modified_gmt":"2018-09-28T13:29:06","slug":"se-aprehendio-a-un-joven-que-tenia-un-arma-de-fabricacion-tumbera-en-su-poder","status":"publish","type":"post","link":"https:\/\/eldiariodesanpedro.com.ar\/sitio\/se-aprehendio-a-un-joven-que-tenia-un-arma-de-fabricacion-tumbera-en-su-poder\/","title":{"rendered":"Se aprehendio a un joven que tenia un arma de fabricaci\u00f3n tumbera en su poder"},"content":{"rendered":"<p><!-- VideographyWP Plugin Message: Automatic video embedding prevented by plugin options. --><br \/>\nEsta ma\u00f1ana en el marco de distintos operativos se aprehendi\u00f3 a un joven de 25 a\u00f1os de edad a quien se le secuestro en su poder un arma tipo tumbera.<\/p>\n<p>El hecho ocurri\u00f3 en intersecci\u00f3n de Manuel Iglesias y Brennan, cuando personal policial de comisar\u00eda procedi\u00f3 a la aprehensi\u00f3n de un joven que circulaba caminando, que tras averiguaciones de identidad, resulta tener frondosos antecedentes, quien se le secuestro en su poder un arma de fabricaci\u00f3n tumbera y cartuchos intactos.<\/p>\n<p>Permanece alojado en Comisaria a disposici\u00f3n de la Fiscal\u00eda en turno de San Pedro.<\/p>\n","protected":false},"excerpt":{"rendered":"<p>Esta ma\u00f1ana en el marco de distintos operativos se aprehendi\u00f3 a un joven de 25 a\u00f1os de edad a quien se le secuestro en su poder un arma tipo tumbera. El hecho ocurri\u00f3 en intersecci\u00f3n de Manuel Iglesias y Brennan, cuando personal policial de comisar\u00eda procedi\u00f3 a la aprehensi\u00f3n de un joven que circulaba caminando, [&hellip;]<\/p>\n","protected":false},"author":4,"featured_media":40960,"comment_status":"open","ping_status":"closed","sticky":false,"template":"","format":"standard","meta":{"om_disable_all_campaigns":false,"_jetpack_memberships_contains_paid_content":false,"footnotes":""},"categories":[2,103],"tags":[],"class_list":["post-40967","post","type-post","status-publish","format-standard","has-post-thumbnail","hentry","category-locales","category-policiales-locales"],"aioseo_notices":[],"gutentor_comment":0,"jetpack_featured_media_url":"https:\/\/eldiariodesanpedro.com.ar\/sitio\/wp-content\/uploads\/2018\/09\/WhatsApp-Image-2018-09-28-at-09.49.52-e1538141219205.jpeg","jetpack_shortlink":"https:\/\/wp.me\/p6RhLt-aEL","jetpack_sharing_enabled":true,"_links":{"self":[{"href":"https:\/\/eldiariodesanpedro.com.ar\/sitio\/wp-json\/wp\/v2\/posts\/40967","targetHints":{"allow":["GET"]}}],"collection":[{"href":"https:\/\/eldiariodesanpedro.com.ar\/sitio\/wp-json\/wp\/v2\/posts"}],"about":[{"href":"https:\/\/eldiariodesanpedro.com.ar\/sitio\/wp-json\/wp\/v2\/types\/post"}],"author":[{"embeddable":true,"href":"https:\/\/eldiariodesanpedro.com.ar\/sitio\/wp-json\/wp\/v2\/users\/4"}],"replies":[{"embeddable":true,"href":"https:\/\/eldiariodesanpedro.com.ar\/sitio\/wp-json\/wp\/v2\/comments?post=40967"}],"version-history":[{"count":1,"href":"https:\/\/eldiariodesanpedro.com.ar\/sitio\/wp-json\/wp\/v2\/posts\/40967\/revisions"}],"predecessor-version":[{"id":40971,"href":"https:\/\/eldiariodesanpedro.com.ar\/sitio\/wp-json\/wp\/v2\/posts\/40967\/revisions\/40971"}],"wp:featuredmedia":[{"embeddable":true,"href":"https:\/\/eldiariodesanpedro.com.ar\/sitio\/wp-json\/wp\/v2\/media\/40960"}],"wp:attachment":[{"href":"https:\/\/eldiariodesanpedro.com.ar\/sitio\/wp-json\/wp\/v2\/media?parent=40967"}],"wp:term":[{"taxonomy":"category","embeddable":true,"href":"https:\/\/eldiariodesanpedro.com.ar\/sitio\/wp-json\/wp\/v2\/categories?post=40967"},{"taxonomy":"post_tag","embeddable":true,"href":"https:\/\/eldiariodesanpedro.com.ar\/sitio\/wp-json\/wp\/v2\/tags?post=40967"}],"curies":[{"name":"wp","href":"https:\/\/api.w.org\/{rel}","templated":true}]}}