{"id":40966,"date":"2018-09-28T10:21:40","date_gmt":"2018-09-28T13:21:40","guid":{"rendered":"https:\/\/eldiariodesanpedro.com.ar\/sitio\/?p=40966"},"modified":"2018-09-28T10:21:40","modified_gmt":"2018-09-28T13:21:40","slug":"arrecifes-encuentro-regional-de-mujeres-lesbianas-travestis-y-trans","status":"publish","type":"post","link":"https:\/\/eldiariodesanpedro.com.ar\/sitio\/arrecifes-encuentro-regional-de-mujeres-lesbianas-travestis-y-trans\/","title":{"rendered":"ARRECIFES:  Encuentro Regional de Mujeres, Lesbianas, Travestis y Trans"},"content":{"rendered":"<p><!-- VideographyWP Plugin Message: Automatic video embedding prevented by plugin options. --><br \/>\nEl pr\u00f3ximo s\u00e1bado 29, a partir de las 9:30 hs, las mujeres de toda la regi\u00f3n norte de la Provincia de Buenos Aires se dar\u00e1n cita en el complejo Sue\u00f1os (Jujuy 902) de Arrecifes para desarrollar el segundo Encuentro Regional de Mujeres, Lesbianas, Travestis y Trans. \u00c9sta vez, las anfitrionas ser\u00e1n \u201cLas Negras\u201d, movimiento de mujeres de Arrecifes.<\/p>\n<p>Durante esta Jornada, que fue declarada de inter\u00e9s municipal por el Concejo Deliberante y de inter\u00e9s provincial por la C\u00e1mara de Diputados de Buenos Aires, se desarrollar\u00e1n una serie de talleres destinados a comprender, deconstruir y repensar pol\u00edticas de g\u00e9nero.<\/p>\n<p>\u201cEl Encuentro es una oportunidad para conocer las realidades de las chicas de toda la regi\u00f3n. No es un encuentro exclusivo para militantes feministas. Queremos que todas las mujeres que sientan que hay espacio para crear una nueva manera de vivir en sociedad, que sea m\u00e1s justa e  igualitaria, se sumen a conversar y aprovechar los talleres porque realmente est\u00e1n pensados para disfrutar y capacitarnos\u201d, detallaron las organizadoras desde el movimiento Las Negras.<\/p>\n<p>Los talleres contemplan abordajes multidisciplinarios y tienen un enfoque coyuntural y urgente: mujeres en la industria textil, pol\u00edticas del cuerpo, relaciones t\u00f3xicas, diversidad y disidencias, mujeres y deporte y violencia obst\u00e9trica. Este \u00faltimo, va a ser dictado por referentes de la organizaci\u00f3n Las Casildas, gestoras del observatorio de violencia obst\u00e9trica de la Maternidad Estela de Carlotto.<\/p>\n<p>Adem\u00e1s, el cierre estar\u00e1 a cargo de la conferencista Agostina Mileo, referente del movimiento feminista especializada en comunicaci\u00f3n cient\u00edfica y autora del libro \u201cQue la Ciencia te acompa\u00f1e\u201d.<\/p>\n<p>La participaci\u00f3n es s\u00f3lo para mujeres, con entrada libre y gratuita. <\/p>\n<p>Fuente: Arrecifes Noticias<\/p>\n","protected":false},"excerpt":{"rendered":"<p>El pr\u00f3ximo s\u00e1bado 29, a partir de las 9:30 hs, las mujeres de toda la regi\u00f3n norte de la Provincia de Buenos Aires se dar\u00e1n cita en el complejo Sue\u00f1os (Jujuy 902) de Arrecifes para desarrollar el segundo Encuentro Regional de Mujeres, Lesbianas, Travestis y Trans. \u00c9sta vez, las anfitrionas ser\u00e1n \u201cLas Negras\u201d, movimiento de [&hellip;]<\/p>\n","protected":false},"author":4,"featured_media":40968,"comment_status":"open","ping_status":"closed","sticky":false,"template":"","format":"standard","meta":{"om_disable_all_campaigns":false,"_jetpack_memberships_contains_paid_content":false,"footnotes":""},"categories":[621],"tags":[],"class_list":["post-40966","post","type-post","status-publish","format-standard","has-post-thumbnail","hentry","category-regionales"],"aioseo_notices":[],"gutentor_comment":0,"jetpack_featured_media_url":"https:\/\/eldiariodesanpedro.com.ar\/sitio\/wp-content\/uploads\/2018\/09\/Encuentro-mujeres-lesbianas-travestis-800x510.jpeg","jetpack_shortlink":"https:\/\/wp.me\/p6RhLt-aEK","jetpack_sharing_enabled":true,"_links":{"self":[{"href":"https:\/\/eldiariodesanpedro.com.ar\/sitio\/wp-json\/wp\/v2\/posts\/40966","targetHints":{"allow":["GET"]}}],"collection":[{"href":"https:\/\/eldiariodesanpedro.com.ar\/sitio\/wp-json\/wp\/v2\/posts"}],"about":[{"href":"https:\/\/eldiariodesanpedro.com.ar\/sitio\/wp-json\/wp\/v2\/types\/post"}],"author":[{"embeddable":true,"href":"https:\/\/eldiariodesanpedro.com.ar\/sitio\/wp-json\/wp\/v2\/users\/4"}],"replies":[{"embeddable":true,"href":"https:\/\/eldiariodesanpedro.com.ar\/sitio\/wp-json\/wp\/v2\/comments?post=40966"}],"version-history":[{"count":1,"href":"https:\/\/eldiariodesanpedro.com.ar\/sitio\/wp-json\/wp\/v2\/posts\/40966\/revisions"}],"predecessor-version":[{"id":40969,"href":"https:\/\/eldiariodesanpedro.com.ar\/sitio\/wp-json\/wp\/v2\/posts\/40966\/revisions\/40969"}],"wp:featuredmedia":[{"embeddable":true,"href":"https:\/\/eldiariodesanpedro.com.ar\/sitio\/wp-json\/wp\/v2\/media\/40968"}],"wp:attachment":[{"href":"https:\/\/eldiariodesanpedro.com.ar\/sitio\/wp-json\/wp\/v2\/media?parent=40966"}],"wp:term":[{"taxonomy":"category","embeddable":true,"href":"https:\/\/eldiariodesanpedro.com.ar\/sitio\/wp-json\/wp\/v2\/categories?post=40966"},{"taxonomy":"post_tag","embeddable":true,"href":"https:\/\/eldiariodesanpedro.com.ar\/sitio\/wp-json\/wp\/v2\/tags?post=40966"}],"curies":[{"name":"wp","href":"https:\/\/api.w.org\/{rel}","templated":true}]}}