{"id":40962,"date":"2018-09-28T10:16:23","date_gmt":"2018-09-28T13:16:23","guid":{"rendered":"https:\/\/eldiariodesanpedro.com.ar\/sitio\/?p=40962"},"modified":"2018-09-28T10:16:23","modified_gmt":"2018-09-28T13:16:23","slug":"ramallo-la-municipalidad-salio-a-controlar-los-precios-cuidados","status":"publish","type":"post","link":"https:\/\/eldiariodesanpedro.com.ar\/sitio\/ramallo-la-municipalidad-salio-a-controlar-los-precios-cuidados\/","title":{"rendered":"RAMALLO: La Municipalidad sali\u00f3 a controlar los Precios Cuidados"},"content":{"rendered":"<p><!-- VideographyWP Plugin Message: Automatic video embedding prevented by plugin options. --><br \/>\nLa Municipalidad de Arrecifes informa que, con el objetivo de promover acciones que defiendan la econom\u00eda de los hogares arrecife\u00f1os, comenz\u00f3 hoy con los controles de Precios Cuidados en supermercados adheridos al convenio con el Estado nacional, comprob\u00e1ndose el cumplimiento correcto de las pautas establecidas.<\/p>\n<p>Las inspecciones las realizan personal municipal de las \u00e1reas de Comercio, Bromatolog\u00eda y OMIC, en las sucursales de supermercados La An\u00f3nima y D\u00eda, supervis\u00e1ndose la presencia de stock y descripci\u00f3n clara de la leyenda \u2018Precios Cuidados\u2019 y precio.<\/p>\n","protected":false},"excerpt":{"rendered":"<p>La Municipalidad de Arrecifes informa que, con el objetivo de promover acciones que defiendan la econom\u00eda de los hogares arrecife\u00f1os, comenz\u00f3 hoy con los controles de Precios Cuidados en supermercados adheridos al convenio con el Estado nacional, comprob\u00e1ndose el cumplimiento correcto de las pautas establecidas. Las inspecciones las realizan personal municipal de las \u00e1reas de [&hellip;]<\/p>\n","protected":false},"author":4,"featured_media":40964,"comment_status":"open","ping_status":"closed","sticky":false,"template":"","format":"standard","meta":{"om_disable_all_campaigns":false,"_jetpack_memberships_contains_paid_content":false,"footnotes":""},"categories":[621],"tags":[],"class_list":["post-40962","post","type-post","status-publish","format-standard","has-post-thumbnail","hentry","category-regionales"],"aioseo_notices":[],"gutentor_comment":0,"jetpack_featured_media_url":"https:\/\/eldiariodesanpedro.com.ar\/sitio\/wp-content\/uploads\/2018\/09\/Precios-Cuidados-Arrecifes.jpg","jetpack_shortlink":"https:\/\/wp.me\/p6RhLt-aEG","jetpack_sharing_enabled":true,"_links":{"self":[{"href":"https:\/\/eldiariodesanpedro.com.ar\/sitio\/wp-json\/wp\/v2\/posts\/40962","targetHints":{"allow":["GET"]}}],"collection":[{"href":"https:\/\/eldiariodesanpedro.com.ar\/sitio\/wp-json\/wp\/v2\/posts"}],"about":[{"href":"https:\/\/eldiariodesanpedro.com.ar\/sitio\/wp-json\/wp\/v2\/types\/post"}],"author":[{"embeddable":true,"href":"https:\/\/eldiariodesanpedro.com.ar\/sitio\/wp-json\/wp\/v2\/users\/4"}],"replies":[{"embeddable":true,"href":"https:\/\/eldiariodesanpedro.com.ar\/sitio\/wp-json\/wp\/v2\/comments?post=40962"}],"version-history":[{"count":1,"href":"https:\/\/eldiariodesanpedro.com.ar\/sitio\/wp-json\/wp\/v2\/posts\/40962\/revisions"}],"predecessor-version":[{"id":40965,"href":"https:\/\/eldiariodesanpedro.com.ar\/sitio\/wp-json\/wp\/v2\/posts\/40962\/revisions\/40965"}],"wp:featuredmedia":[{"embeddable":true,"href":"https:\/\/eldiariodesanpedro.com.ar\/sitio\/wp-json\/wp\/v2\/media\/40964"}],"wp:attachment":[{"href":"https:\/\/eldiariodesanpedro.com.ar\/sitio\/wp-json\/wp\/v2\/media?parent=40962"}],"wp:term":[{"taxonomy":"category","embeddable":true,"href":"https:\/\/eldiariodesanpedro.com.ar\/sitio\/wp-json\/wp\/v2\/categories?post=40962"},{"taxonomy":"post_tag","embeddable":true,"href":"https:\/\/eldiariodesanpedro.com.ar\/sitio\/wp-json\/wp\/v2\/tags?post=40962"}],"curies":[{"name":"wp","href":"https:\/\/api.w.org\/{rel}","templated":true}]}}