{"id":40959,"date":"2018-09-28T10:14:53","date_gmt":"2018-09-28T13:14:53","guid":{"rendered":"https:\/\/eldiariodesanpedro.com.ar\/sitio\/?p=40959"},"modified":"2018-09-28T10:14:53","modified_gmt":"2018-09-28T13:14:53","slug":"aprehendieron-a-un-sujeto-con-frondosos-antecedentes-con-un-arma-en-su-poder","status":"publish","type":"post","link":"https:\/\/eldiariodesanpedro.com.ar\/sitio\/aprehendieron-a-un-sujeto-con-frondosos-antecedentes-con-un-arma-en-su-poder\/","title":{"rendered":"Aprehendieron a un sujeto con frondosos antecedentes con un arma en su poder"},"content":{"rendered":"<p><!-- VideographyWP Plugin Message: Automatic video embedding prevented by plugin options. --><br \/>\nEste jueves por la noche, personal policial de la comisar\u00eda, procedi\u00f3 a la aprehensi\u00f3n de un  sujeto mayor de edad, de frondosos antecedentes, que circulaba por calle Las provincias y Bozzano.<\/p>\n<p>En marco de operativo din\u00e1mico, se lo identific\u00f3 tras el sistema inform\u00e1tico y se le secuestr\u00f3 en su poder, bajo sus prendas, una r\u00e9plica met\u00e1lica de arma de fuego.<\/p>\n<p>Puesto a disposici\u00f3n de la fiscal\u00eda en turno de San Pedro, permanece alojado en sede policial.    <\/p>\n","protected":false},"excerpt":{"rendered":"<p>Este jueves por la noche, personal policial de la comisar\u00eda, procedi\u00f3 a la aprehensi\u00f3n de un sujeto mayor de edad, de frondosos antecedentes, que circulaba por calle Las provincias y Bozzano. En marco de operativo din\u00e1mico, se lo identific\u00f3 tras el sistema inform\u00e1tico y se le secuestr\u00f3 en su poder, bajo sus prendas, una r\u00e9plica [&hellip;]<\/p>\n","protected":false},"author":4,"featured_media":40961,"comment_status":"open","ping_status":"closed","sticky":false,"template":"","format":"standard","meta":{"om_disable_all_campaigns":false,"_jetpack_memberships_contains_paid_content":false,"footnotes":""},"categories":[50,2,103],"tags":[],"class_list":["post-40959","post","type-post","status-publish","format-standard","has-post-thumbnail","hentry","category-destacadas","category-locales","category-policiales-locales"],"aioseo_notices":[],"gutentor_comment":0,"jetpack_featured_media_url":"https:\/\/eldiariodesanpedro.com.ar\/sitio\/wp-content\/uploads\/2018\/09\/WhatsApp-Image-2018-09-28-at-09.49.53.jpeg","jetpack_shortlink":"https:\/\/wp.me\/p6RhLt-aED","jetpack_sharing_enabled":true,"_links":{"self":[{"href":"https:\/\/eldiariodesanpedro.com.ar\/sitio\/wp-json\/wp\/v2\/posts\/40959","targetHints":{"allow":["GET"]}}],"collection":[{"href":"https:\/\/eldiariodesanpedro.com.ar\/sitio\/wp-json\/wp\/v2\/posts"}],"about":[{"href":"https:\/\/eldiariodesanpedro.com.ar\/sitio\/wp-json\/wp\/v2\/types\/post"}],"author":[{"embeddable":true,"href":"https:\/\/eldiariodesanpedro.com.ar\/sitio\/wp-json\/wp\/v2\/users\/4"}],"replies":[{"embeddable":true,"href":"https:\/\/eldiariodesanpedro.com.ar\/sitio\/wp-json\/wp\/v2\/comments?post=40959"}],"version-history":[{"count":1,"href":"https:\/\/eldiariodesanpedro.com.ar\/sitio\/wp-json\/wp\/v2\/posts\/40959\/revisions"}],"predecessor-version":[{"id":40963,"href":"https:\/\/eldiariodesanpedro.com.ar\/sitio\/wp-json\/wp\/v2\/posts\/40959\/revisions\/40963"}],"wp:featuredmedia":[{"embeddable":true,"href":"https:\/\/eldiariodesanpedro.com.ar\/sitio\/wp-json\/wp\/v2\/media\/40961"}],"wp:attachment":[{"href":"https:\/\/eldiariodesanpedro.com.ar\/sitio\/wp-json\/wp\/v2\/media?parent=40959"}],"wp:term":[{"taxonomy":"category","embeddable":true,"href":"https:\/\/eldiariodesanpedro.com.ar\/sitio\/wp-json\/wp\/v2\/categories?post=40959"},{"taxonomy":"post_tag","embeddable":true,"href":"https:\/\/eldiariodesanpedro.com.ar\/sitio\/wp-json\/wp\/v2\/tags?post=40959"}],"curies":[{"name":"wp","href":"https:\/\/api.w.org\/{rel}","templated":true}]}}