{"id":40910,"date":"2018-09-28T09:00:55","date_gmt":"2018-09-28T12:00:55","guid":{"rendered":"https:\/\/eldiariodesanpedro.com.ar\/sitio\/?p=40910"},"modified":"2018-09-28T09:00:55","modified_gmt":"2018-09-28T12:00:55","slug":"robo-en-una-despensa-y-fue-aprehendido-tras-investigacion","status":"publish","type":"post","link":"https:\/\/eldiariodesanpedro.com.ar\/sitio\/robo-en-una-despensa-y-fue-aprehendido-tras-investigacion\/","title":{"rendered":"Rob\u00f3 en una despensa y fue aprehendido tras investigaci\u00f3n"},"content":{"rendered":"<p><!-- VideographyWP Plugin Message: Automatic video embedding prevented by plugin options. --><br \/>\nEn la ma\u00f1ana de este jueves los propietarios del comercio \u00abEl Gringo 2\u00bb ubicado en la intersecci\u00f3n de calles Caseros y Nuestra Se\u00f1ora del Socorro constataron que delincuentes ignorados hab\u00edan ingresado al local a trav\u00e9s de un galp\u00f3n vecino.<\/p>\n<p>Entre las 04 y 06 de la ma\u00f1ana del jueves delincuentes ignorados ingresaron a una despensa de donde se llevaron alrededor de $11000 y cera de u$s 1000, adem\u00e1s de mercader\u00eda como, por ejemplo, dos cajas de fernet y shampoo entre otras cosas. Sin ser esto suficiente, tambi\u00e9n se llevaron una bicicleta, un televisor y otros elementos de valor. Luego, los malhechores se retiraron del lugar rompiendo uno de los vidrios laterales del comercio con lo sustra\u00eddo.<\/p>\n<p>En horas del mediod\u00eda, tras un r\u00e1pido accionar del personal policial y luego de las tareas investigativas correspondientes, se pudo realizar un allanamiento de urgencia en una vivienda ubicada sobre calle Jos\u00e9 Hern\u00e1ndez al 1600, d\u00f3nde se recuper\u00f3 parte de la mercader\u00eda del robo, como los Fernet y cervezas, un televisor y la bicicleta.<\/p>\n<p>En el interior de la vivienda fue detenido un hombre de 30 a\u00f1os que ya cuenta con antecedentes; el mismo fue trasladado a la dependencia local y se aguarda la intervenci\u00f3n de la Fiscal\u00eda en turno.<\/p>\n<p> Se destaca que en la diligencia se encontraron parte de los elementos robados en la despensa y tambi\u00e9n, otros elementos robados semanas atr\u00e1s de una vivienda de calle Ruiz Moreno.<\/p>\n<div data-carousel-extra='{&quot;blog_id&quot;:1,&quot;permalink&quot;:&quot;https:\/\/eldiariodesanpedro.com.ar\/sitio\/robo-en-una-despensa-y-fue-aprehendido-tras-investigacion\/&quot;}' id='gallery-1' class='gallery galleryid-40910 gallery-columns-3 gallery-size-large'><figure class='gallery-item'>\n\t\t\t<div class='gallery-icon landscape'>\n\t\t\t\t<a href='https:\/\/eldiariodesanpedro.com.ar\/sitio\/wp-content\/uploads\/2018\/09\/42689874_868820889993718_6736709250917072896_n.jpg'><img decoding=\"async\" width=\"640\" height=\"311\" data-src=\"https:\/\/eldiariodesanpedro.com.ar\/sitio\/wp-content\/uploads\/2018\/09\/42689874_868820889993718_6736709250917072896_n.jpg\" class=\"attachment-large size-large lazyload\" alt=\"El Diario de San Pedro | Noticias locales y regionales\" data-srcset=\"https:\/\/eldiariodesanpedro.com.ar\/sitio\/wp-content\/uploads\/2018\/09\/42689874_868820889993718_6736709250917072896_n.jpg 960w, https:\/\/eldiariodesanpedro.com.ar\/sitio\/wp-content\/uploads\/2018\/09\/42689874_868820889993718_6736709250917072896_n-300x146.jpg 300w, https:\/\/eldiariodesanpedro.com.ar\/sitio\/wp-content\/uploads\/2018\/09\/42689874_868820889993718_6736709250917072896_n-768x373.jpg 768w\" data-sizes=\"(max-width: 640px) 100vw, 640px\" data-attachment-id=\"40916\" data-permalink=\"https:\/\/eldiariodesanpedro.com.ar\/sitio\/robo-en-una-despensa-y-fue-aprehendido-tras-investigacion\/42689874_868820889993718_6736709250917072896_n\/\" data-orig-file=\"https:\/\/eldiariodesanpedro.com.ar\/sitio\/wp-content\/uploads\/2018\/09\/42689874_868820889993718_6736709250917072896_n.jpg\" data-orig-size=\"960,466\" data-comments-opened=\"1\" data-image-meta=\"{&quot;aperture&quot;:&quot;0&quot;,&quot;credit&quot;:&quot;&quot;,&quot;camera&quot;:&quot;&quot;,&quot;caption&quot;:&quot;&quot;,&quot;created_timestamp&quot;:&quot;0&quot;,&quot;copyright&quot;:&quot;&quot;,&quot;focal_length&quot;:&quot;0&quot;,&quot;iso&quot;:&quot;0&quot;,&quot;shutter_speed&quot;:&quot;0&quot;,&quot;title&quot;:&quot;&quot;,&quot;orientation&quot;:&quot;0&quot;}\" data-image-title=\"42689874_868820889993718_6736709250917072896_n\" data-image-description=\"\" data-image-caption=\"\" data-large-file=\"https:\/\/eldiariodesanpedro.com.ar\/sitio\/wp-content\/uploads\/2018\/09\/42689874_868820889993718_6736709250917072896_n.jpg\" src=\"data:image\/svg+xml;base64,PHN2ZyB3aWR0aD0iMSIgaGVpZ2h0PSIxIiB4bWxucz0iaHR0cDovL3d3dy53My5vcmcvMjAwMC9zdmciPjwvc3ZnPg==\" style=\"--smush-placeholder-width: 640px; --smush-placeholder-aspect-ratio: 640\/311;\" \/><\/a>\n\t\t\t<\/div><\/figure><figure class='gallery-item'>\n\t\t\t<div class='gallery-icon landscape'>\n\t\t\t\t<a href='https:\/\/eldiariodesanpedro.com.ar\/sitio\/wp-content\/uploads\/2018\/09\/42651264_868821256660348_7676960205707411456_n.jpg'><img decoding=\"async\" width=\"640\" height=\"311\" data-src=\"https:\/\/eldiariodesanpedro.com.ar\/sitio\/wp-content\/uploads\/2018\/09\/42651264_868821256660348_7676960205707411456_n.jpg\" class=\"attachment-large size-large lazyload\" alt=\"El Diario de San Pedro | Noticias locales y regionales\" data-srcset=\"https:\/\/eldiariodesanpedro.com.ar\/sitio\/wp-content\/uploads\/2018\/09\/42651264_868821256660348_7676960205707411456_n.jpg 960w, https:\/\/eldiariodesanpedro.com.ar\/sitio\/wp-content\/uploads\/2018\/09\/42651264_868821256660348_7676960205707411456_n-300x146.jpg 300w, https:\/\/eldiariodesanpedro.com.ar\/sitio\/wp-content\/uploads\/2018\/09\/42651264_868821256660348_7676960205707411456_n-768x373.jpg 768w\" data-sizes=\"(max-width: 640px) 100vw, 640px\" data-attachment-id=\"40914\" data-permalink=\"https:\/\/eldiariodesanpedro.com.ar\/sitio\/robo-en-una-despensa-y-fue-aprehendido-tras-investigacion\/42651264_868821256660348_7676960205707411456_n\/\" data-orig-file=\"https:\/\/eldiariodesanpedro.com.ar\/sitio\/wp-content\/uploads\/2018\/09\/42651264_868821256660348_7676960205707411456_n.jpg\" data-orig-size=\"960,466\" data-comments-opened=\"1\" data-image-meta=\"{&quot;aperture&quot;:&quot;0&quot;,&quot;credit&quot;:&quot;&quot;,&quot;camera&quot;:&quot;&quot;,&quot;caption&quot;:&quot;&quot;,&quot;created_timestamp&quot;:&quot;0&quot;,&quot;copyright&quot;:&quot;&quot;,&quot;focal_length&quot;:&quot;0&quot;,&quot;iso&quot;:&quot;0&quot;,&quot;shutter_speed&quot;:&quot;0&quot;,&quot;title&quot;:&quot;&quot;,&quot;orientation&quot;:&quot;0&quot;}\" data-image-title=\"42651264_868821256660348_7676960205707411456_n\" data-image-description=\"\" data-image-caption=\"\" data-large-file=\"https:\/\/eldiariodesanpedro.com.ar\/sitio\/wp-content\/uploads\/2018\/09\/42651264_868821256660348_7676960205707411456_n.jpg\" src=\"data:image\/svg+xml;base64,PHN2ZyB3aWR0aD0iMSIgaGVpZ2h0PSIxIiB4bWxucz0iaHR0cDovL3d3dy53My5vcmcvMjAwMC9zdmciPjwvc3ZnPg==\" style=\"--smush-placeholder-width: 640px; --smush-placeholder-aspect-ratio: 640\/311;\" \/><\/a>\n\t\t\t<\/div><\/figure><figure class='gallery-item'>\n\t\t\t<div class='gallery-icon landscape'>\n\t\t\t\t<a href='https:\/\/eldiariodesanpedro.com.ar\/sitio\/wp-content\/uploads\/2018\/09\/42674927_868821223327018_8886375223339778048_n.jpg'><img decoding=\"async\" width=\"640\" height=\"311\" data-src=\"https:\/\/eldiariodesanpedro.com.ar\/sitio\/wp-content\/uploads\/2018\/09\/42674927_868821223327018_8886375223339778048_n.jpg\" class=\"attachment-large size-large lazyload\" alt=\"El Diario de San Pedro | Noticias locales y regionales\" data-srcset=\"https:\/\/eldiariodesanpedro.com.ar\/sitio\/wp-content\/uploads\/2018\/09\/42674927_868821223327018_8886375223339778048_n.jpg 960w, https:\/\/eldiariodesanpedro.com.ar\/sitio\/wp-content\/uploads\/2018\/09\/42674927_868821223327018_8886375223339778048_n-300x146.jpg 300w, https:\/\/eldiariodesanpedro.com.ar\/sitio\/wp-content\/uploads\/2018\/09\/42674927_868821223327018_8886375223339778048_n-768x373.jpg 768w\" data-sizes=\"(max-width: 640px) 100vw, 640px\" data-attachment-id=\"40915\" data-permalink=\"https:\/\/eldiariodesanpedro.com.ar\/sitio\/robo-en-una-despensa-y-fue-aprehendido-tras-investigacion\/42674927_868821223327018_8886375223339778048_n\/\" data-orig-file=\"https:\/\/eldiariodesanpedro.com.ar\/sitio\/wp-content\/uploads\/2018\/09\/42674927_868821223327018_8886375223339778048_n.jpg\" data-orig-size=\"960,466\" data-comments-opened=\"1\" data-image-meta=\"{&quot;aperture&quot;:&quot;0&quot;,&quot;credit&quot;:&quot;&quot;,&quot;camera&quot;:&quot;&quot;,&quot;caption&quot;:&quot;&quot;,&quot;created_timestamp&quot;:&quot;0&quot;,&quot;copyright&quot;:&quot;&quot;,&quot;focal_length&quot;:&quot;0&quot;,&quot;iso&quot;:&quot;0&quot;,&quot;shutter_speed&quot;:&quot;0&quot;,&quot;title&quot;:&quot;&quot;,&quot;orientation&quot;:&quot;0&quot;}\" data-image-title=\"42674927_868821223327018_8886375223339778048_n\" data-image-description=\"\" data-image-caption=\"\" data-large-file=\"https:\/\/eldiariodesanpedro.com.ar\/sitio\/wp-content\/uploads\/2018\/09\/42674927_868821223327018_8886375223339778048_n.jpg\" src=\"data:image\/svg+xml;base64,PHN2ZyB3aWR0aD0iMSIgaGVpZ2h0PSIxIiB4bWxucz0iaHR0cDovL3d3dy53My5vcmcvMjAwMC9zdmciPjwvc3ZnPg==\" style=\"--smush-placeholder-width: 640px; --smush-placeholder-aspect-ratio: 640\/311;\" \/><\/a>\n\t\t\t<\/div><\/figure><figure class='gallery-item'>\n\t\t\t<div class='gallery-icon landscape'>\n\t\t\t\t<a href='https:\/\/eldiariodesanpedro.com.ar\/sitio\/wp-content\/uploads\/2018\/09\/42540306_868821046660369_5871057080579784704_n.jpg'><img decoding=\"async\" width=\"640\" height=\"311\" data-src=\"https:\/\/eldiariodesanpedro.com.ar\/sitio\/wp-content\/uploads\/2018\/09\/42540306_868821046660369_5871057080579784704_n.jpg\" class=\"attachment-large size-large lazyload\" alt=\"El Diario de San Pedro | Noticias locales y regionales\" data-srcset=\"https:\/\/eldiariodesanpedro.com.ar\/sitio\/wp-content\/uploads\/2018\/09\/42540306_868821046660369_5871057080579784704_n.jpg 960w, https:\/\/eldiariodesanpedro.com.ar\/sitio\/wp-content\/uploads\/2018\/09\/42540306_868821046660369_5871057080579784704_n-300x146.jpg 300w, https:\/\/eldiariodesanpedro.com.ar\/sitio\/wp-content\/uploads\/2018\/09\/42540306_868821046660369_5871057080579784704_n-768x373.jpg 768w\" data-sizes=\"(max-width: 640px) 100vw, 640px\" data-attachment-id=\"40911\" data-permalink=\"https:\/\/eldiariodesanpedro.com.ar\/sitio\/robo-en-una-despensa-y-fue-aprehendido-tras-investigacion\/42540306_868821046660369_5871057080579784704_n\/\" data-orig-file=\"https:\/\/eldiariodesanpedro.com.ar\/sitio\/wp-content\/uploads\/2018\/09\/42540306_868821046660369_5871057080579784704_n.jpg\" data-orig-size=\"960,466\" data-comments-opened=\"1\" data-image-meta=\"{&quot;aperture&quot;:&quot;0&quot;,&quot;credit&quot;:&quot;&quot;,&quot;camera&quot;:&quot;&quot;,&quot;caption&quot;:&quot;&quot;,&quot;created_timestamp&quot;:&quot;0&quot;,&quot;copyright&quot;:&quot;&quot;,&quot;focal_length&quot;:&quot;0&quot;,&quot;iso&quot;:&quot;0&quot;,&quot;shutter_speed&quot;:&quot;0&quot;,&quot;title&quot;:&quot;&quot;,&quot;orientation&quot;:&quot;0&quot;}\" data-image-title=\"42540306_868821046660369_5871057080579784704_n\" data-image-description=\"\" data-image-caption=\"\" data-large-file=\"https:\/\/eldiariodesanpedro.com.ar\/sitio\/wp-content\/uploads\/2018\/09\/42540306_868821046660369_5871057080579784704_n.jpg\" src=\"data:image\/svg+xml;base64,PHN2ZyB3aWR0aD0iMSIgaGVpZ2h0PSIxIiB4bWxucz0iaHR0cDovL3d3dy53My5vcmcvMjAwMC9zdmciPjwvc3ZnPg==\" style=\"--smush-placeholder-width: 640px; --smush-placeholder-aspect-ratio: 640\/311;\" \/><\/a>\n\t\t\t<\/div><\/figure><figure class='gallery-item'>\n\t\t\t<div class='gallery-icon landscape'>\n\t\t\t\t<a href='https:\/\/eldiariodesanpedro.com.ar\/sitio\/wp-content\/uploads\/2018\/09\/42586808_868821143327026_3162589440308674560_n.jpg'><img decoding=\"async\" width=\"640\" height=\"311\" data-src=\"https:\/\/eldiariodesanpedro.com.ar\/sitio\/wp-content\/uploads\/2018\/09\/42586808_868821143327026_3162589440308674560_n.jpg\" class=\"attachment-large size-large lazyload\" alt=\"El Diario de San Pedro | Noticias locales y regionales\" data-srcset=\"https:\/\/eldiariodesanpedro.com.ar\/sitio\/wp-content\/uploads\/2018\/09\/42586808_868821143327026_3162589440308674560_n.jpg 960w, https:\/\/eldiariodesanpedro.com.ar\/sitio\/wp-content\/uploads\/2018\/09\/42586808_868821143327026_3162589440308674560_n-300x146.jpg 300w, https:\/\/eldiariodesanpedro.com.ar\/sitio\/wp-content\/uploads\/2018\/09\/42586808_868821143327026_3162589440308674560_n-768x373.jpg 768w\" data-sizes=\"(max-width: 640px) 100vw, 640px\" data-attachment-id=\"40912\" data-permalink=\"https:\/\/eldiariodesanpedro.com.ar\/sitio\/robo-en-una-despensa-y-fue-aprehendido-tras-investigacion\/42586808_868821143327026_3162589440308674560_n\/\" data-orig-file=\"https:\/\/eldiariodesanpedro.com.ar\/sitio\/wp-content\/uploads\/2018\/09\/42586808_868821143327026_3162589440308674560_n.jpg\" data-orig-size=\"960,466\" data-comments-opened=\"1\" data-image-meta=\"{&quot;aperture&quot;:&quot;0&quot;,&quot;credit&quot;:&quot;&quot;,&quot;camera&quot;:&quot;&quot;,&quot;caption&quot;:&quot;&quot;,&quot;created_timestamp&quot;:&quot;0&quot;,&quot;copyright&quot;:&quot;&quot;,&quot;focal_length&quot;:&quot;0&quot;,&quot;iso&quot;:&quot;0&quot;,&quot;shutter_speed&quot;:&quot;0&quot;,&quot;title&quot;:&quot;&quot;,&quot;orientation&quot;:&quot;0&quot;}\" data-image-title=\"42586808_868821143327026_3162589440308674560_n\" data-image-description=\"\" data-image-caption=\"\" data-large-file=\"https:\/\/eldiariodesanpedro.com.ar\/sitio\/wp-content\/uploads\/2018\/09\/42586808_868821143327026_3162589440308674560_n.jpg\" src=\"data:image\/svg+xml;base64,PHN2ZyB3aWR0aD0iMSIgaGVpZ2h0PSIxIiB4bWxucz0iaHR0cDovL3d3dy53My5vcmcvMjAwMC9zdmciPjwvc3ZnPg==\" style=\"--smush-placeholder-width: 640px; --smush-placeholder-aspect-ratio: 640\/311;\" \/><\/a>\n\t\t\t<\/div><\/figure><figure class='gallery-item'>\n\t\t\t<div class='gallery-icon landscape'>\n\t\t\t\t<a href='https:\/\/eldiariodesanpedro.com.ar\/sitio\/wp-content\/uploads\/2018\/09\/42617435_868821076660366_1186363588852318208_n.jpg'><img decoding=\"async\" width=\"640\" height=\"311\" data-src=\"https:\/\/eldiariodesanpedro.com.ar\/sitio\/wp-content\/uploads\/2018\/09\/42617435_868821076660366_1186363588852318208_n.jpg\" class=\"attachment-large size-large lazyload\" alt=\"El Diario de San Pedro | Noticias locales y regionales\" data-srcset=\"https:\/\/eldiariodesanpedro.com.ar\/sitio\/wp-content\/uploads\/2018\/09\/42617435_868821076660366_1186363588852318208_n.jpg 960w, https:\/\/eldiariodesanpedro.com.ar\/sitio\/wp-content\/uploads\/2018\/09\/42617435_868821076660366_1186363588852318208_n-300x146.jpg 300w, https:\/\/eldiariodesanpedro.com.ar\/sitio\/wp-content\/uploads\/2018\/09\/42617435_868821076660366_1186363588852318208_n-768x373.jpg 768w\" data-sizes=\"(max-width: 640px) 100vw, 640px\" data-attachment-id=\"40913\" data-permalink=\"https:\/\/eldiariodesanpedro.com.ar\/sitio\/robo-en-una-despensa-y-fue-aprehendido-tras-investigacion\/42617435_868821076660366_1186363588852318208_n\/\" data-orig-file=\"https:\/\/eldiariodesanpedro.com.ar\/sitio\/wp-content\/uploads\/2018\/09\/42617435_868821076660366_1186363588852318208_n.jpg\" data-orig-size=\"960,466\" data-comments-opened=\"1\" data-image-meta=\"{&quot;aperture&quot;:&quot;0&quot;,&quot;credit&quot;:&quot;&quot;,&quot;camera&quot;:&quot;&quot;,&quot;caption&quot;:&quot;&quot;,&quot;created_timestamp&quot;:&quot;0&quot;,&quot;copyright&quot;:&quot;&quot;,&quot;focal_length&quot;:&quot;0&quot;,&quot;iso&quot;:&quot;0&quot;,&quot;shutter_speed&quot;:&quot;0&quot;,&quot;title&quot;:&quot;&quot;,&quot;orientation&quot;:&quot;0&quot;}\" data-image-title=\"42617435_868821076660366_1186363588852318208_n\" data-image-description=\"\" data-image-caption=\"\" data-large-file=\"https:\/\/eldiariodesanpedro.com.ar\/sitio\/wp-content\/uploads\/2018\/09\/42617435_868821076660366_1186363588852318208_n.jpg\" src=\"data:image\/svg+xml;base64,PHN2ZyB3aWR0aD0iMSIgaGVpZ2h0PSIxIiB4bWxucz0iaHR0cDovL3d3dy53My5vcmcvMjAwMC9zdmciPjwvc3ZnPg==\" style=\"--smush-placeholder-width: 640px; --smush-placeholder-aspect-ratio: 640\/311;\" \/><\/a>\n\t\t\t<\/div><\/figure>\n\t\t<\/div>\n\n","protected":false},"excerpt":{"rendered":"<p>En la ma\u00f1ana de este jueves los propietarios del comercio \u00abEl Gringo 2\u00bb ubicado en la intersecci\u00f3n de calles Caseros y Nuestra Se\u00f1ora del Socorro constataron que delincuentes ignorados hab\u00edan ingresado al local a trav\u00e9s de un galp\u00f3n vecino. Entre las 04 y 06 de la ma\u00f1ana del jueves delincuentes ignorados ingresaron a una despensa [&hellip;]<\/p>\n","protected":false},"author":4,"featured_media":40915,"comment_status":"open","ping_status":"closed","sticky":false,"template":"","format":"standard","meta":{"om_disable_all_campaigns":false,"_jetpack_memberships_contains_paid_content":false,"footnotes":""},"categories":[50,2,103],"tags":[],"class_list":["post-40910","post","type-post","status-publish","format-standard","has-post-thumbnail","hentry","category-destacadas","category-locales","category-policiales-locales"],"aioseo_notices":[],"gutentor_comment":0,"jetpack_featured_media_url":"https:\/\/eldiariodesanpedro.com.ar\/sitio\/wp-content\/uploads\/2018\/09\/42674927_868821223327018_8886375223339778048_n.jpg","jetpack_shortlink":"https:\/\/wp.me\/p6RhLt-aDQ","jetpack_sharing_enabled":true,"_links":{"self":[{"href":"https:\/\/eldiariodesanpedro.com.ar\/sitio\/wp-json\/wp\/v2\/posts\/40910","targetHints":{"allow":["GET"]}}],"collection":[{"href":"https:\/\/eldiariodesanpedro.com.ar\/sitio\/wp-json\/wp\/v2\/posts"}],"about":[{"href":"https:\/\/eldiariodesanpedro.com.ar\/sitio\/wp-json\/wp\/v2\/types\/post"}],"author":[{"embeddable":true,"href":"https:\/\/eldiariodesanpedro.com.ar\/sitio\/wp-json\/wp\/v2\/users\/4"}],"replies":[{"embeddable":true,"href":"https:\/\/eldiariodesanpedro.com.ar\/sitio\/wp-json\/wp\/v2\/comments?post=40910"}],"version-history":[{"count":1,"href":"https:\/\/eldiariodesanpedro.com.ar\/sitio\/wp-json\/wp\/v2\/posts\/40910\/revisions"}],"predecessor-version":[{"id":40917,"href":"https:\/\/eldiariodesanpedro.com.ar\/sitio\/wp-json\/wp\/v2\/posts\/40910\/revisions\/40917"}],"wp:featuredmedia":[{"embeddable":true,"href":"https:\/\/eldiariodesanpedro.com.ar\/sitio\/wp-json\/wp\/v2\/media\/40915"}],"wp:attachment":[{"href":"https:\/\/eldiariodesanpedro.com.ar\/sitio\/wp-json\/wp\/v2\/media?parent=40910"}],"wp:term":[{"taxonomy":"category","embeddable":true,"href":"https:\/\/eldiariodesanpedro.com.ar\/sitio\/wp-json\/wp\/v2\/categories?post=40910"},{"taxonomy":"post_tag","embeddable":true,"href":"https:\/\/eldiariodesanpedro.com.ar\/sitio\/wp-json\/wp\/v2\/tags?post=40910"}],"curies":[{"name":"wp","href":"https:\/\/api.w.org\/{rel}","templated":true}]}}