{"id":40897,"date":"2018-09-28T08:46:40","date_gmt":"2018-09-28T11:46:40","guid":{"rendered":"https:\/\/eldiariodesanpedro.com.ar\/sitio\/?p=40897"},"modified":"2018-09-28T08:46:40","modified_gmt":"2018-09-28T11:46:40","slug":"varios-hechos-delictivos-fueron-resueltos-gracias-a-un-rapido-accionar-de-la-policia","status":"publish","type":"post","link":"https:\/\/eldiariodesanpedro.com.ar\/sitio\/varios-hechos-delictivos-fueron-resueltos-gracias-a-un-rapido-accionar-de-la-policia\/","title":{"rendered":"Varios hechos delictivos fueron resueltos gracias a un r\u00e1pido accionar de la Polic\u00eda"},"content":{"rendered":"<p><!-- VideographyWP Plugin Message: Automatic video embedding prevented by plugin options. --><br \/>\nDurante las \u00faltimas horas y, sobre todo los \u00faltimos d\u00edas, la Polic\u00eda de nuestra ciudad, Polic\u00eda local, Grupo GAD, Polic\u00eda Rural y las fiscal\u00edas de turno resolvieron diversos tipos de delitos de manera muy prolija y con un r\u00e1pido accionar.<\/p>\n<p>Los trabajos realizados est\u00e1n a cargo del el Subcomisario Andr\u00e9s Galiano que contin\u00faa a cargo de la Dependencia como autoridad m\u00e1xima tras la salida del Comisario Juan Catalano, quien realiz\u00f3 una excelente labor durante su per\u00edodo al frente de la fuerza y, hasta el d\u00eda de hoy se sigue con la misma metodolog\u00eda de trabajo. Mientras que se mantiene el apoyo total de la Jefatura Distrital a cargo del Comisario Inspector Fabi\u00e1n Gallo como autoridad m\u00e1xima de la ciudad.<br \/>\nEn las \u00faltimas semanas, tras el arduo trabajo que se desarroll\u00f3, se logr\u00f3 reducir el \u00edndice de delitos de arrebato en la v\u00eda publica perpetrados por motochorros o delincuentes de a pie.<\/p>\n<p>Este mi\u00e9rcoles los efectivos de la Comisar\u00eda local procedieron a la aprehensi\u00f3n de un ciudadano oriundo de la provincia de Salta, desde donde lleg\u00f3 un pedido de captura emitido por el Juzgado de Tribunal de Juicio Sala N\u00ba 5.<br \/>\nLa aprehensi\u00f3n del sujeto 38 a\u00f1os ocurri\u00f3 en el marco de un operativo ocurrido en calle Salta y 9 de Julio de nuestra ciudad que, tras la averiguaci\u00f3n de antecedentes, se pudo determinar que sobre \u00e9l pesaba un pedido de captura activo con prohibici\u00f3n de salir del pa\u00eds por un hecho de violaci\u00f3n de domicilio y robo en concurso real.<br \/>\nFue alojado en la Comisar\u00eda local y ser\u00e1 remitido por la Polic\u00eda de esa Provincia dentro de los pr\u00f3ximos d\u00edas.<\/p>\n<p>Otro de los casos, fue durante la ma\u00f1ana del martes alrededor de las 10 hs. En el marco de un operativo cerrojo en las inmediaciones de calles Saavedra y Bottaro se pudo aprehender a un joven que circulaba en una motocicleta y momentos antes, hab\u00eda tratado de robar a una mujer.<br \/>\nEl delincuente de 28 a\u00f1os trat\u00f3 de arrebatarle la cartera a una mujer de 60 a\u00f1os que r\u00e1pidamente dio aviso al 911 y, en un r\u00e1pido accionar lograron reducir al malviviente. Adem\u00e1s, se le secuestr\u00f3 de entre sus prendas un paquete con un bagullo de marihuana de 0,9 gr. y el rodado en el que circulaba, cuyo motor pose\u00eda la numeraci\u00f3n alterada.<\/p>\n<p>Continuando, este martes se realizaron dos allanamientos en dos domicilios diferentes por orden de la Fiscal\u00eda local a ra\u00edz de hechos de abusos de armas de fuego.<br \/>\nLas diligencias estuvieron a cargo de los efectivos de la Comisar\u00eda local, personal de la DDI San Pedro Baradero y, se llevaron a cabo en calle Fray Cayetano Rodr\u00edguez al 1230 y 1210, donde se logr\u00f3 sustraer un arma de guerra y fue aprehendido el morador de 39 a\u00f1os, quedando alojado en la dependencia local.<\/p>\n<p>D\u00edas atr\u00e1s, se realiz\u00f3 otro allanamiento en la vivienda de un delincuente, luego que robara un tel\u00e9fono celular en la v\u00eda p\u00fablica.<br \/>\nEl hecho ocurri\u00f3 alrededor de las 10:30 hs en la intersecci\u00f3n de las calles Boulevard Moreno y 11 de Septiembre. All\u00ed, una joven de 26 a\u00f1os que circulaba por el lugar fue sorprendida por el malviviente de 27, quien le sustrajo su tel\u00e9fono celular Motorola G5 Plus negro, con funda colocada color negro y rosa.<br \/>\nPara lograr su objetivo utiliz\u00f3 el modo arrebato y luego de ello, se dio a la fuga hacia un domicilio ubicado en calle D\u00e1vila al 400. Fue all\u00ed donde tras un r\u00e1pido accionar del personal del GAD y la Fiscal\u00eda, se pudo allanar y encontrar al delincuente con el elemento robado. El aprehendido fue trasladado a la Comisar\u00eda y qued\u00f3 a disposici\u00f3n del Fiscal y el Juez de Garant\u00edas, quienes dispusieron su liberaci\u00f3n.<\/p>\n<p>En distintos operativos efectuados en las \u00faltimas horas el personal del Comando de Prevenci\u00f3n Rural con la colaboraci\u00f3n de otras dependencias, logr\u00f3 recobrar tres vacas que hab\u00edan sido robadas hace pocos d\u00edas.<br \/>\nEn un r\u00e1pido accionar el personal del Comando de Prevenci\u00f3n Rural San Pedro con la intervenci\u00f3n del personal del Destacamento R\u00edo Tala y Grupo GAD, se lograron recuperar tres animales que hab\u00edan sido robados hac\u00eda pocos d\u00edas de un establecimiento perteneciente a la familia Mart\u00ednez Sobrado, ubicado en el paraje La Celina, partido de San Pedro.<br \/>\nEn total fueron sustra\u00eddos cuatro vacunos y durante un operativo efectuado el lunes en horas de la noche, en una zona de ba\u00f1ados lindantes a la f\u00e1brica Papel Prensa, se hallaron una vaca y un ternero atados a un \u00e1rbol.<br \/>\nPosteriormente ambos animales fueron reconocidos por el encargado de la estancia como parte de lo sustra\u00eddo desde el interior de la misma.<br \/>\nDurante el operativo y en el momento en que el personal policial se retiraba del lugar se escucharon varias detonaciones de arma de fuego provenientes del ba\u00f1ado y en direcci\u00f3n hacia donde se encontraban los efectivos, aunque ninguno de estos ni los m\u00f3viles sufrieron da\u00f1os.<br \/>\nMientras tanto, sobre la tarde del martes, el personal del CPR se dirigi\u00f3 a una propiedad ubicada sobre la calle Laprida, en inmediaciones de la f\u00e1brica Papel Prensa y en el interior del lugar se advirti\u00f3 la presencia de una vaca de pelaje negro atada y de procedencia dudosa. Este animal tambi\u00e9n fue reconocido por el encargado de la estancia.<br \/>\nEn la casa se hallaban dos personas, una pareja de 32 y 36 a\u00f1os que no pudo justificar la presencia del animal en el lugar. De todos modos, el Fiscal Marcelo Manso no tom\u00f3 ninguna medida judicial para con los ocupantes de la casa. (Fuente: San Pedro Informa)<\/p>\n<p>Por \u00faltimo, d\u00edas atr\u00e1s promediando las 22:30 hs., personal del Gabinete de Prevenci\u00f3n de la Comisar\u00eda en un amplio operativo llevado a cabo con personal de Investigaci\u00f3n, Polic\u00eda Rural, Policia Local y Grupo De Apoyo Departamental, diligenci\u00f3 sendas \u00f3rdenes de allanamiento en el marco de un hecho de tentativa de robo acaecido en la madrugada del mi\u00e9rcoles pr\u00f3ximo pasado.<br \/>\nEn uno de los objetivos de calle Liniers de esta ciudad, se logr\u00f3 la aprehensi\u00f3n del morador de 26 a\u00f1os, a quien se le incaut\u00f3 del interior de la finca, un arma de fuego calibre, varios tel\u00e9fonos celulares. En otro objetivo, sobre la misma calle Liniers, se logr\u00f3 la aprehensi\u00f3n del morador de 59 a\u00f1os, a quien se le incaut\u00f3 de su domicilio varios tel\u00e9fonos celulares, un arma blanca y elementos de inter\u00e9s para la investigaci\u00f3n que lleva a cabo la Fiscal\u00eda en turno de San Pedro.<br \/>\nDurante de la diligencia y en el per\u00edmetro policial, se aprehendi\u00f3 tambi\u00e9n a un joven de 17 a\u00f1os que arrojaba piedras sobre los efectivos policiales, entorpeciendo la labor. Fue puesto a disposici\u00f3n de la Fiscal\u00eda Juvenil en turno de San Nicol\u00e1s.<\/p>\n<div data-carousel-extra='{&quot;blog_id&quot;:1,&quot;permalink&quot;:&quot;https:\/\/eldiariodesanpedro.com.ar\/sitio\/varios-hechos-delictivos-fueron-resueltos-gracias-a-un-rapido-accionar-de-la-policia\/&quot;}' id='gallery-1' class='gallery galleryid-40897 gallery-columns-3 gallery-size-large'><figure class='gallery-item'>\n\t\t\t<div class='gallery-icon landscape'>\n\t\t\t\t<a href='https:\/\/eldiariodesanpedro.com.ar\/sitio\/wp-content\/uploads\/2018\/09\/42601113_868780303331110_1628730037630926848_n.jpg'><img decoding=\"async\" width=\"640\" height=\"384\" data-src=\"https:\/\/eldiariodesanpedro.com.ar\/sitio\/wp-content\/uploads\/2018\/09\/42601113_868780303331110_1628730037630926848_n.jpg\" class=\"attachment-large size-large lazyload\" alt=\"El Diario de San Pedro | Noticias locales y regionales\" data-srcset=\"https:\/\/eldiariodesanpedro.com.ar\/sitio\/wp-content\/uploads\/2018\/09\/42601113_868780303331110_1628730037630926848_n.jpg 960w, https:\/\/eldiariodesanpedro.com.ar\/sitio\/wp-content\/uploads\/2018\/09\/42601113_868780303331110_1628730037630926848_n-300x180.jpg 300w, https:\/\/eldiariodesanpedro.com.ar\/sitio\/wp-content\/uploads\/2018\/09\/42601113_868780303331110_1628730037630926848_n-768x461.jpg 768w\" data-sizes=\"(max-width: 640px) 100vw, 640px\" data-attachment-id=\"40901\" data-permalink=\"https:\/\/eldiariodesanpedro.com.ar\/sitio\/varios-hechos-delictivos-fueron-resueltos-gracias-a-un-rapido-accionar-de-la-policia\/42601113_868780303331110_1628730037630926848_n\/\" data-orig-file=\"https:\/\/eldiariodesanpedro.com.ar\/sitio\/wp-content\/uploads\/2018\/09\/42601113_868780303331110_1628730037630926848_n.jpg\" data-orig-size=\"960,576\" data-comments-opened=\"1\" data-image-meta=\"{&quot;aperture&quot;:&quot;0&quot;,&quot;credit&quot;:&quot;&quot;,&quot;camera&quot;:&quot;&quot;,&quot;caption&quot;:&quot;&quot;,&quot;created_timestamp&quot;:&quot;0&quot;,&quot;copyright&quot;:&quot;&quot;,&quot;focal_length&quot;:&quot;0&quot;,&quot;iso&quot;:&quot;0&quot;,&quot;shutter_speed&quot;:&quot;0&quot;,&quot;title&quot;:&quot;&quot;,&quot;orientation&quot;:&quot;0&quot;}\" data-image-title=\"42601113_868780303331110_1628730037630926848_n\" data-image-description=\"\" data-image-caption=\"\" data-large-file=\"https:\/\/eldiariodesanpedro.com.ar\/sitio\/wp-content\/uploads\/2018\/09\/42601113_868780303331110_1628730037630926848_n.jpg\" src=\"data:image\/svg+xml;base64,PHN2ZyB3aWR0aD0iMSIgaGVpZ2h0PSIxIiB4bWxucz0iaHR0cDovL3d3dy53My5vcmcvMjAwMC9zdmciPjwvc3ZnPg==\" style=\"--smush-placeholder-width: 640px; --smush-placeholder-aspect-ratio: 640\/384;\" \/><\/a>\n\t\t\t<\/div><\/figure><figure class='gallery-item'>\n\t\t\t<div class='gallery-icon portrait'>\n\t\t\t\t<a href='https:\/\/eldiariodesanpedro.com.ar\/sitio\/wp-content\/uploads\/2018\/09\/42587227_868780329997774_4382379002984136704_n.jpg'><img decoding=\"async\" width=\"640\" height=\"853\" data-src=\"https:\/\/eldiariodesanpedro.com.ar\/sitio\/wp-content\/uploads\/2018\/09\/42587227_868780329997774_4382379002984136704_n.jpg\" class=\"attachment-large size-large lazyload\" alt=\"El Diario de San Pedro | Noticias locales y regionales\" data-srcset=\"https:\/\/eldiariodesanpedro.com.ar\/sitio\/wp-content\/uploads\/2018\/09\/42587227_868780329997774_4382379002984136704_n.jpg 720w, https:\/\/eldiariodesanpedro.com.ar\/sitio\/wp-content\/uploads\/2018\/09\/42587227_868780329997774_4382379002984136704_n-225x300.jpg 225w\" data-sizes=\"(max-width: 640px) 100vw, 640px\" data-attachment-id=\"40900\" data-permalink=\"https:\/\/eldiariodesanpedro.com.ar\/sitio\/varios-hechos-delictivos-fueron-resueltos-gracias-a-un-rapido-accionar-de-la-policia\/42587227_868780329997774_4382379002984136704_n\/\" data-orig-file=\"https:\/\/eldiariodesanpedro.com.ar\/sitio\/wp-content\/uploads\/2018\/09\/42587227_868780329997774_4382379002984136704_n.jpg\" data-orig-size=\"720,960\" data-comments-opened=\"1\" data-image-meta=\"{&quot;aperture&quot;:&quot;0&quot;,&quot;credit&quot;:&quot;&quot;,&quot;camera&quot;:&quot;&quot;,&quot;caption&quot;:&quot;&quot;,&quot;created_timestamp&quot;:&quot;0&quot;,&quot;copyright&quot;:&quot;&quot;,&quot;focal_length&quot;:&quot;0&quot;,&quot;iso&quot;:&quot;0&quot;,&quot;shutter_speed&quot;:&quot;0&quot;,&quot;title&quot;:&quot;&quot;,&quot;orientation&quot;:&quot;0&quot;}\" data-image-title=\"42587227_868780329997774_4382379002984136704_n\" data-image-description=\"\" data-image-caption=\"\" data-large-file=\"https:\/\/eldiariodesanpedro.com.ar\/sitio\/wp-content\/uploads\/2018\/09\/42587227_868780329997774_4382379002984136704_n.jpg\" src=\"data:image\/svg+xml;base64,PHN2ZyB3aWR0aD0iMSIgaGVpZ2h0PSIxIiB4bWxucz0iaHR0cDovL3d3dy53My5vcmcvMjAwMC9zdmciPjwvc3ZnPg==\" style=\"--smush-placeholder-width: 640px; --smush-placeholder-aspect-ratio: 640\/853;\" \/><\/a>\n\t\t\t<\/div><\/figure><figure class='gallery-item'>\n\t\t\t<div class='gallery-icon landscape'>\n\t\t\t\t<a href='https:\/\/eldiariodesanpedro.com.ar\/sitio\/wp-content\/uploads\/2018\/09\/42617848_868780246664449_1719999003203993600_n.jpg'><img decoding=\"async\" width=\"640\" height=\"360\" data-src=\"https:\/\/eldiariodesanpedro.com.ar\/sitio\/wp-content\/uploads\/2018\/09\/42617848_868780246664449_1719999003203993600_n.jpg\" class=\"attachment-large size-large lazyload\" alt=\"El Diario de San Pedro | Noticias locales y regionales\" data-srcset=\"https:\/\/eldiariodesanpedro.com.ar\/sitio\/wp-content\/uploads\/2018\/09\/42617848_868780246664449_1719999003203993600_n.jpg 960w, https:\/\/eldiariodesanpedro.com.ar\/sitio\/wp-content\/uploads\/2018\/09\/42617848_868780246664449_1719999003203993600_n-300x169.jpg 300w, https:\/\/eldiariodesanpedro.com.ar\/sitio\/wp-content\/uploads\/2018\/09\/42617848_868780246664449_1719999003203993600_n-768x432.jpg 768w\" data-sizes=\"(max-width: 640px) 100vw, 640px\" data-attachment-id=\"40904\" data-permalink=\"https:\/\/eldiariodesanpedro.com.ar\/sitio\/varios-hechos-delictivos-fueron-resueltos-gracias-a-un-rapido-accionar-de-la-policia\/42617848_868780246664449_1719999003203993600_n\/\" data-orig-file=\"https:\/\/eldiariodesanpedro.com.ar\/sitio\/wp-content\/uploads\/2018\/09\/42617848_868780246664449_1719999003203993600_n.jpg\" data-orig-size=\"960,540\" data-comments-opened=\"1\" data-image-meta=\"{&quot;aperture&quot;:&quot;0&quot;,&quot;credit&quot;:&quot;&quot;,&quot;camera&quot;:&quot;&quot;,&quot;caption&quot;:&quot;&quot;,&quot;created_timestamp&quot;:&quot;0&quot;,&quot;copyright&quot;:&quot;&quot;,&quot;focal_length&quot;:&quot;0&quot;,&quot;iso&quot;:&quot;0&quot;,&quot;shutter_speed&quot;:&quot;0&quot;,&quot;title&quot;:&quot;&quot;,&quot;orientation&quot;:&quot;0&quot;}\" data-image-title=\"42617848_868780246664449_1719999003203993600_n\" data-image-description=\"\" data-image-caption=\"\" data-large-file=\"https:\/\/eldiariodesanpedro.com.ar\/sitio\/wp-content\/uploads\/2018\/09\/42617848_868780246664449_1719999003203993600_n.jpg\" src=\"data:image\/svg+xml;base64,PHN2ZyB3aWR0aD0iMSIgaGVpZ2h0PSIxIiB4bWxucz0iaHR0cDovL3d3dy53My5vcmcvMjAwMC9zdmciPjwvc3ZnPg==\" style=\"--smush-placeholder-width: 640px; --smush-placeholder-aspect-ratio: 640\/360;\" \/><\/a>\n\t\t\t<\/div><\/figure><figure class='gallery-item'>\n\t\t\t<div class='gallery-icon landscape'>\n\t\t\t\t<a href='https:\/\/eldiariodesanpedro.com.ar\/sitio\/wp-content\/uploads\/2018\/09\/42639693_868780209997786_5312827188842594304_n.jpg'><img decoding=\"async\" width=\"640\" height=\"480\" data-src=\"https:\/\/eldiariodesanpedro.com.ar\/sitio\/wp-content\/uploads\/2018\/09\/42639693_868780209997786_5312827188842594304_n.jpg\" class=\"attachment-large size-large lazyload\" alt=\"El Diario de San Pedro | Noticias locales y regionales\" data-srcset=\"https:\/\/eldiariodesanpedro.com.ar\/sitio\/wp-content\/uploads\/2018\/09\/42639693_868780209997786_5312827188842594304_n.jpg 960w, https:\/\/eldiariodesanpedro.com.ar\/sitio\/wp-content\/uploads\/2018\/09\/42639693_868780209997786_5312827188842594304_n-300x225.jpg 300w, https:\/\/eldiariodesanpedro.com.ar\/sitio\/wp-content\/uploads\/2018\/09\/42639693_868780209997786_5312827188842594304_n-768x576.jpg 768w\" data-sizes=\"(max-width: 640px) 100vw, 640px\" data-attachment-id=\"40906\" data-permalink=\"https:\/\/eldiariodesanpedro.com.ar\/sitio\/varios-hechos-delictivos-fueron-resueltos-gracias-a-un-rapido-accionar-de-la-policia\/42639693_868780209997786_5312827188842594304_n\/\" data-orig-file=\"https:\/\/eldiariodesanpedro.com.ar\/sitio\/wp-content\/uploads\/2018\/09\/42639693_868780209997786_5312827188842594304_n.jpg\" data-orig-size=\"960,720\" data-comments-opened=\"1\" data-image-meta=\"{&quot;aperture&quot;:&quot;0&quot;,&quot;credit&quot;:&quot;&quot;,&quot;camera&quot;:&quot;&quot;,&quot;caption&quot;:&quot;&quot;,&quot;created_timestamp&quot;:&quot;0&quot;,&quot;copyright&quot;:&quot;&quot;,&quot;focal_length&quot;:&quot;0&quot;,&quot;iso&quot;:&quot;0&quot;,&quot;shutter_speed&quot;:&quot;0&quot;,&quot;title&quot;:&quot;&quot;,&quot;orientation&quot;:&quot;0&quot;}\" data-image-title=\"42639693_868780209997786_5312827188842594304_n\" data-image-description=\"\" data-image-caption=\"\" data-large-file=\"https:\/\/eldiariodesanpedro.com.ar\/sitio\/wp-content\/uploads\/2018\/09\/42639693_868780209997786_5312827188842594304_n.jpg\" src=\"data:image\/svg+xml;base64,PHN2ZyB3aWR0aD0iMSIgaGVpZ2h0PSIxIiB4bWxucz0iaHR0cDovL3d3dy53My5vcmcvMjAwMC9zdmciPjwvc3ZnPg==\" style=\"--smush-placeholder-width: 640px; --smush-placeholder-aspect-ratio: 640\/480;\" \/><\/a>\n\t\t\t<\/div><\/figure><figure class='gallery-item'>\n\t\t\t<div class='gallery-icon landscape'>\n\t\t\t\t<a href='https:\/\/eldiariodesanpedro.com.ar\/sitio\/wp-content\/uploads\/2018\/09\/42614875_868780183331122_5571315401800810496_n.jpg'><img decoding=\"async\" width=\"640\" height=\"480\" data-src=\"https:\/\/eldiariodesanpedro.com.ar\/sitio\/wp-content\/uploads\/2018\/09\/42614875_868780183331122_5571315401800810496_n.jpg\" class=\"attachment-large size-large lazyload\" alt=\"El Diario de San Pedro | Noticias locales y regionales\" data-srcset=\"https:\/\/eldiariodesanpedro.com.ar\/sitio\/wp-content\/uploads\/2018\/09\/42614875_868780183331122_5571315401800810496_n.jpg 960w, https:\/\/eldiariodesanpedro.com.ar\/sitio\/wp-content\/uploads\/2018\/09\/42614875_868780183331122_5571315401800810496_n-300x225.jpg 300w, https:\/\/eldiariodesanpedro.com.ar\/sitio\/wp-content\/uploads\/2018\/09\/42614875_868780183331122_5571315401800810496_n-768x576.jpg 768w\" data-sizes=\"(max-width: 640px) 100vw, 640px\" data-attachment-id=\"40903\" data-permalink=\"https:\/\/eldiariodesanpedro.com.ar\/sitio\/varios-hechos-delictivos-fueron-resueltos-gracias-a-un-rapido-accionar-de-la-policia\/42614875_868780183331122_5571315401800810496_n\/\" data-orig-file=\"https:\/\/eldiariodesanpedro.com.ar\/sitio\/wp-content\/uploads\/2018\/09\/42614875_868780183331122_5571315401800810496_n.jpg\" data-orig-size=\"960,720\" data-comments-opened=\"1\" data-image-meta=\"{&quot;aperture&quot;:&quot;0&quot;,&quot;credit&quot;:&quot;&quot;,&quot;camera&quot;:&quot;&quot;,&quot;caption&quot;:&quot;&quot;,&quot;created_timestamp&quot;:&quot;0&quot;,&quot;copyright&quot;:&quot;&quot;,&quot;focal_length&quot;:&quot;0&quot;,&quot;iso&quot;:&quot;0&quot;,&quot;shutter_speed&quot;:&quot;0&quot;,&quot;title&quot;:&quot;&quot;,&quot;orientation&quot;:&quot;0&quot;}\" data-image-title=\"42614875_868780183331122_5571315401800810496_n\" data-image-description=\"\" data-image-caption=\"\" data-large-file=\"https:\/\/eldiariodesanpedro.com.ar\/sitio\/wp-content\/uploads\/2018\/09\/42614875_868780183331122_5571315401800810496_n.jpg\" src=\"data:image\/svg+xml;base64,PHN2ZyB3aWR0aD0iMSIgaGVpZ2h0PSIxIiB4bWxucz0iaHR0cDovL3d3dy53My5vcmcvMjAwMC9zdmciPjwvc3ZnPg==\" style=\"--smush-placeholder-width: 640px; --smush-placeholder-aspect-ratio: 640\/480;\" \/><\/a>\n\t\t\t<\/div><\/figure><figure class='gallery-item'>\n\t\t\t<div class='gallery-icon portrait'>\n\t\t\t\t<a href='https:\/\/eldiariodesanpedro.com.ar\/sitio\/wp-content\/uploads\/2018\/09\/42619823_868780056664468_6604724609558249472_n.jpg'><img decoding=\"async\" width=\"640\" height=\"853\" data-src=\"https:\/\/eldiariodesanpedro.com.ar\/sitio\/wp-content\/uploads\/2018\/09\/42619823_868780056664468_6604724609558249472_n.jpg\" class=\"attachment-large size-large lazyload\" alt=\"El Diario de San Pedro | Noticias locales y regionales\" data-srcset=\"https:\/\/eldiariodesanpedro.com.ar\/sitio\/wp-content\/uploads\/2018\/09\/42619823_868780056664468_6604724609558249472_n.jpg 720w, https:\/\/eldiariodesanpedro.com.ar\/sitio\/wp-content\/uploads\/2018\/09\/42619823_868780056664468_6604724609558249472_n-225x300.jpg 225w\" data-sizes=\"(max-width: 640px) 100vw, 640px\" data-attachment-id=\"40905\" data-permalink=\"https:\/\/eldiariodesanpedro.com.ar\/sitio\/varios-hechos-delictivos-fueron-resueltos-gracias-a-un-rapido-accionar-de-la-policia\/42619823_868780056664468_6604724609558249472_n\/\" data-orig-file=\"https:\/\/eldiariodesanpedro.com.ar\/sitio\/wp-content\/uploads\/2018\/09\/42619823_868780056664468_6604724609558249472_n.jpg\" data-orig-size=\"720,960\" data-comments-opened=\"1\" data-image-meta=\"{&quot;aperture&quot;:&quot;0&quot;,&quot;credit&quot;:&quot;&quot;,&quot;camera&quot;:&quot;&quot;,&quot;caption&quot;:&quot;&quot;,&quot;created_timestamp&quot;:&quot;0&quot;,&quot;copyright&quot;:&quot;&quot;,&quot;focal_length&quot;:&quot;0&quot;,&quot;iso&quot;:&quot;0&quot;,&quot;shutter_speed&quot;:&quot;0&quot;,&quot;title&quot;:&quot;&quot;,&quot;orientation&quot;:&quot;0&quot;}\" data-image-title=\"42619823_868780056664468_6604724609558249472_n\" data-image-description=\"\" data-image-caption=\"\" data-large-file=\"https:\/\/eldiariodesanpedro.com.ar\/sitio\/wp-content\/uploads\/2018\/09\/42619823_868780056664468_6604724609558249472_n.jpg\" src=\"data:image\/svg+xml;base64,PHN2ZyB3aWR0aD0iMSIgaGVpZ2h0PSIxIiB4bWxucz0iaHR0cDovL3d3dy53My5vcmcvMjAwMC9zdmciPjwvc3ZnPg==\" style=\"--smush-placeholder-width: 640px; --smush-placeholder-aspect-ratio: 640\/853;\" \/><\/a>\n\t\t\t<\/div><\/figure><figure class='gallery-item'>\n\t\t\t<div class='gallery-icon landscape'>\n\t\t\t\t<a href='https:\/\/eldiariodesanpedro.com.ar\/sitio\/wp-content\/uploads\/2018\/09\/42664167_868780139997793_4297089044203962368_n.jpg'><img decoding=\"async\" width=\"640\" height=\"480\" data-src=\"https:\/\/eldiariodesanpedro.com.ar\/sitio\/wp-content\/uploads\/2018\/09\/42664167_868780139997793_4297089044203962368_n.jpg\" class=\"attachment-large size-large lazyload\" alt=\"El Diario de San Pedro | Noticias locales y regionales\" data-srcset=\"https:\/\/eldiariodesanpedro.com.ar\/sitio\/wp-content\/uploads\/2018\/09\/42664167_868780139997793_4297089044203962368_n.jpg 960w, https:\/\/eldiariodesanpedro.com.ar\/sitio\/wp-content\/uploads\/2018\/09\/42664167_868780139997793_4297089044203962368_n-300x225.jpg 300w, https:\/\/eldiariodesanpedro.com.ar\/sitio\/wp-content\/uploads\/2018\/09\/42664167_868780139997793_4297089044203962368_n-768x576.jpg 768w\" data-sizes=\"(max-width: 640px) 100vw, 640px\" data-attachment-id=\"40907\" data-permalink=\"https:\/\/eldiariodesanpedro.com.ar\/sitio\/varios-hechos-delictivos-fueron-resueltos-gracias-a-un-rapido-accionar-de-la-policia\/42664167_868780139997793_4297089044203962368_n\/\" data-orig-file=\"https:\/\/eldiariodesanpedro.com.ar\/sitio\/wp-content\/uploads\/2018\/09\/42664167_868780139997793_4297089044203962368_n.jpg\" data-orig-size=\"960,720\" data-comments-opened=\"1\" data-image-meta=\"{&quot;aperture&quot;:&quot;0&quot;,&quot;credit&quot;:&quot;&quot;,&quot;camera&quot;:&quot;&quot;,&quot;caption&quot;:&quot;&quot;,&quot;created_timestamp&quot;:&quot;0&quot;,&quot;copyright&quot;:&quot;&quot;,&quot;focal_length&quot;:&quot;0&quot;,&quot;iso&quot;:&quot;0&quot;,&quot;shutter_speed&quot;:&quot;0&quot;,&quot;title&quot;:&quot;&quot;,&quot;orientation&quot;:&quot;0&quot;}\" data-image-title=\"42664167_868780139997793_4297089044203962368_n\" data-image-description=\"\" data-image-caption=\"\" data-large-file=\"https:\/\/eldiariodesanpedro.com.ar\/sitio\/wp-content\/uploads\/2018\/09\/42664167_868780139997793_4297089044203962368_n.jpg\" src=\"data:image\/svg+xml;base64,PHN2ZyB3aWR0aD0iMSIgaGVpZ2h0PSIxIiB4bWxucz0iaHR0cDovL3d3dy53My5vcmcvMjAwMC9zdmciPjwvc3ZnPg==\" style=\"--smush-placeholder-width: 640px; --smush-placeholder-aspect-ratio: 640\/480;\" \/><\/a>\n\t\t\t<\/div><\/figure><figure class='gallery-item'>\n\t\t\t<div class='gallery-icon portrait'>\n\t\t\t\t<a href='https:\/\/eldiariodesanpedro.com.ar\/sitio\/wp-content\/uploads\/2018\/09\/42668547_868780023331138_7239351661569769472_n.jpg'><img decoding=\"async\" width=\"640\" height=\"853\" data-src=\"https:\/\/eldiariodesanpedro.com.ar\/sitio\/wp-content\/uploads\/2018\/09\/42668547_868780023331138_7239351661569769472_n.jpg\" class=\"attachment-large size-large lazyload\" alt=\"El Diario de San Pedro | Noticias locales y regionales\" data-srcset=\"https:\/\/eldiariodesanpedro.com.ar\/sitio\/wp-content\/uploads\/2018\/09\/42668547_868780023331138_7239351661569769472_n.jpg 720w, https:\/\/eldiariodesanpedro.com.ar\/sitio\/wp-content\/uploads\/2018\/09\/42668547_868780023331138_7239351661569769472_n-225x300.jpg 225w\" data-sizes=\"(max-width: 640px) 100vw, 640px\" data-attachment-id=\"40908\" data-permalink=\"https:\/\/eldiariodesanpedro.com.ar\/sitio\/varios-hechos-delictivos-fueron-resueltos-gracias-a-un-rapido-accionar-de-la-policia\/42668547_868780023331138_7239351661569769472_n\/\" data-orig-file=\"https:\/\/eldiariodesanpedro.com.ar\/sitio\/wp-content\/uploads\/2018\/09\/42668547_868780023331138_7239351661569769472_n.jpg\" data-orig-size=\"720,960\" data-comments-opened=\"1\" data-image-meta=\"{&quot;aperture&quot;:&quot;0&quot;,&quot;credit&quot;:&quot;&quot;,&quot;camera&quot;:&quot;&quot;,&quot;caption&quot;:&quot;&quot;,&quot;created_timestamp&quot;:&quot;0&quot;,&quot;copyright&quot;:&quot;&quot;,&quot;focal_length&quot;:&quot;0&quot;,&quot;iso&quot;:&quot;0&quot;,&quot;shutter_speed&quot;:&quot;0&quot;,&quot;title&quot;:&quot;&quot;,&quot;orientation&quot;:&quot;0&quot;}\" data-image-title=\"42668547_868780023331138_7239351661569769472_n\" data-image-description=\"\" data-image-caption=\"\" data-large-file=\"https:\/\/eldiariodesanpedro.com.ar\/sitio\/wp-content\/uploads\/2018\/09\/42668547_868780023331138_7239351661569769472_n.jpg\" src=\"data:image\/svg+xml;base64,PHN2ZyB3aWR0aD0iMSIgaGVpZ2h0PSIxIiB4bWxucz0iaHR0cDovL3d3dy53My5vcmcvMjAwMC9zdmciPjwvc3ZnPg==\" style=\"--smush-placeholder-width: 640px; --smush-placeholder-aspect-ratio: 640\/853;\" \/><\/a>\n\t\t\t<\/div><\/figure><figure class='gallery-item'>\n\t\t\t<div class='gallery-icon landscape'>\n\t\t\t\t<a href='https:\/\/eldiariodesanpedro.com.ar\/sitio\/wp-content\/uploads\/2018\/09\/42576664_868780279997779_8459322038073425920_n.jpg'><img decoding=\"async\" width=\"640\" height=\"384\" data-src=\"https:\/\/eldiariodesanpedro.com.ar\/sitio\/wp-content\/uploads\/2018\/09\/42576664_868780279997779_8459322038073425920_n.jpg\" class=\"attachment-large size-large lazyload\" alt=\"El Diario de San Pedro | Noticias locales y regionales\" data-srcset=\"https:\/\/eldiariodesanpedro.com.ar\/sitio\/wp-content\/uploads\/2018\/09\/42576664_868780279997779_8459322038073425920_n.jpg 960w, https:\/\/eldiariodesanpedro.com.ar\/sitio\/wp-content\/uploads\/2018\/09\/42576664_868780279997779_8459322038073425920_n-300x180.jpg 300w, https:\/\/eldiariodesanpedro.com.ar\/sitio\/wp-content\/uploads\/2018\/09\/42576664_868780279997779_8459322038073425920_n-768x461.jpg 768w\" data-sizes=\"(max-width: 640px) 100vw, 640px\" data-attachment-id=\"40898\" data-permalink=\"https:\/\/eldiariodesanpedro.com.ar\/sitio\/varios-hechos-delictivos-fueron-resueltos-gracias-a-un-rapido-accionar-de-la-policia\/42576664_868780279997779_8459322038073425920_n\/\" data-orig-file=\"https:\/\/eldiariodesanpedro.com.ar\/sitio\/wp-content\/uploads\/2018\/09\/42576664_868780279997779_8459322038073425920_n.jpg\" data-orig-size=\"960,576\" data-comments-opened=\"1\" data-image-meta=\"{&quot;aperture&quot;:&quot;0&quot;,&quot;credit&quot;:&quot;&quot;,&quot;camera&quot;:&quot;&quot;,&quot;caption&quot;:&quot;&quot;,&quot;created_timestamp&quot;:&quot;0&quot;,&quot;copyright&quot;:&quot;&quot;,&quot;focal_length&quot;:&quot;0&quot;,&quot;iso&quot;:&quot;0&quot;,&quot;shutter_speed&quot;:&quot;0&quot;,&quot;title&quot;:&quot;&quot;,&quot;orientation&quot;:&quot;0&quot;}\" data-image-title=\"42576664_868780279997779_8459322038073425920_n\" data-image-description=\"\" data-image-caption=\"\" data-large-file=\"https:\/\/eldiariodesanpedro.com.ar\/sitio\/wp-content\/uploads\/2018\/09\/42576664_868780279997779_8459322038073425920_n.jpg\" src=\"data:image\/svg+xml;base64,PHN2ZyB3aWR0aD0iMSIgaGVpZ2h0PSIxIiB4bWxucz0iaHR0cDovL3d3dy53My5vcmcvMjAwMC9zdmciPjwvc3ZnPg==\" style=\"--smush-placeholder-width: 640px; --smush-placeholder-aspect-ratio: 640\/384;\" \/><\/a>\n\t\t\t<\/div><\/figure><figure class='gallery-item'>\n\t\t\t<div class='gallery-icon landscape'>\n\t\t\t\t<a href='https:\/\/eldiariodesanpedro.com.ar\/sitio\/wp-content\/uploads\/2018\/09\/42611779_868780106664463_7794003227074101248_n.jpg'><img decoding=\"async\" width=\"640\" height=\"640\" data-src=\"https:\/\/eldiariodesanpedro.com.ar\/sitio\/wp-content\/uploads\/2018\/09\/42611779_868780106664463_7794003227074101248_n.jpg\" class=\"attachment-large size-large lazyload\" alt=\"El Diario de San Pedro | Noticias locales y regionales\" data-srcset=\"https:\/\/eldiariodesanpedro.com.ar\/sitio\/wp-content\/uploads\/2018\/09\/42611779_868780106664463_7794003227074101248_n.jpg 960w, https:\/\/eldiariodesanpedro.com.ar\/sitio\/wp-content\/uploads\/2018\/09\/42611779_868780106664463_7794003227074101248_n-150x150.jpg 150w, https:\/\/eldiariodesanpedro.com.ar\/sitio\/wp-content\/uploads\/2018\/09\/42611779_868780106664463_7794003227074101248_n-300x300.jpg 300w, https:\/\/eldiariodesanpedro.com.ar\/sitio\/wp-content\/uploads\/2018\/09\/42611779_868780106664463_7794003227074101248_n-768x768.jpg 768w\" data-sizes=\"(max-width: 640px) 100vw, 640px\" data-attachment-id=\"40902\" data-permalink=\"https:\/\/eldiariodesanpedro.com.ar\/sitio\/varios-hechos-delictivos-fueron-resueltos-gracias-a-un-rapido-accionar-de-la-policia\/42611779_868780106664463_7794003227074101248_n\/\" data-orig-file=\"https:\/\/eldiariodesanpedro.com.ar\/sitio\/wp-content\/uploads\/2018\/09\/42611779_868780106664463_7794003227074101248_n.jpg\" data-orig-size=\"960,960\" data-comments-opened=\"1\" data-image-meta=\"{&quot;aperture&quot;:&quot;0&quot;,&quot;credit&quot;:&quot;&quot;,&quot;camera&quot;:&quot;&quot;,&quot;caption&quot;:&quot;&quot;,&quot;created_timestamp&quot;:&quot;0&quot;,&quot;copyright&quot;:&quot;&quot;,&quot;focal_length&quot;:&quot;0&quot;,&quot;iso&quot;:&quot;0&quot;,&quot;shutter_speed&quot;:&quot;0&quot;,&quot;title&quot;:&quot;&quot;,&quot;orientation&quot;:&quot;0&quot;}\" data-image-title=\"42611779_868780106664463_7794003227074101248_n\" data-image-description=\"\" data-image-caption=\"\" data-large-file=\"https:\/\/eldiariodesanpedro.com.ar\/sitio\/wp-content\/uploads\/2018\/09\/42611779_868780106664463_7794003227074101248_n.jpg\" src=\"data:image\/svg+xml;base64,PHN2ZyB3aWR0aD0iMSIgaGVpZ2h0PSIxIiB4bWxucz0iaHR0cDovL3d3dy53My5vcmcvMjAwMC9zdmciPjwvc3ZnPg==\" style=\"--smush-placeholder-width: 640px; --smush-placeholder-aspect-ratio: 640\/640;\" \/><\/a>\n\t\t\t<\/div><\/figure>\n\t\t<\/div>\n\n","protected":false},"excerpt":{"rendered":"<p>Durante las \u00faltimas horas y, sobre todo los \u00faltimos d\u00edas, la Polic\u00eda de nuestra ciudad, Polic\u00eda local, Grupo GAD, Polic\u00eda Rural y las fiscal\u00edas de turno resolvieron diversos tipos de delitos de manera muy prolija y con un r\u00e1pido accionar. Los trabajos realizados est\u00e1n a cargo del el Subcomisario Andr\u00e9s Galiano que contin\u00faa a cargo [&hellip;]<\/p>\n","protected":false},"author":4,"featured_media":40907,"comment_status":"open","ping_status":"closed","sticky":false,"template":"","format":"standard","meta":{"om_disable_all_campaigns":false,"_jetpack_memberships_contains_paid_content":false,"footnotes":""},"categories":[50,2,103],"tags":[],"class_list":["post-40897","post","type-post","status-publish","format-standard","has-post-thumbnail","hentry","category-destacadas","category-locales","category-policiales-locales"],"aioseo_notices":[],"gutentor_comment":0,"jetpack_featured_media_url":"https:\/\/eldiariodesanpedro.com.ar\/sitio\/wp-content\/uploads\/2018\/09\/42664167_868780139997793_4297089044203962368_n.jpg","jetpack_shortlink":"https:\/\/wp.me\/p6RhLt-aDD","jetpack_sharing_enabled":true,"_links":{"self":[{"href":"https:\/\/eldiariodesanpedro.com.ar\/sitio\/wp-json\/wp\/v2\/posts\/40897","targetHints":{"allow":["GET"]}}],"collection":[{"href":"https:\/\/eldiariodesanpedro.com.ar\/sitio\/wp-json\/wp\/v2\/posts"}],"about":[{"href":"https:\/\/eldiariodesanpedro.com.ar\/sitio\/wp-json\/wp\/v2\/types\/post"}],"author":[{"embeddable":true,"href":"https:\/\/eldiariodesanpedro.com.ar\/sitio\/wp-json\/wp\/v2\/users\/4"}],"replies":[{"embeddable":true,"href":"https:\/\/eldiariodesanpedro.com.ar\/sitio\/wp-json\/wp\/v2\/comments?post=40897"}],"version-history":[{"count":1,"href":"https:\/\/eldiariodesanpedro.com.ar\/sitio\/wp-json\/wp\/v2\/posts\/40897\/revisions"}],"predecessor-version":[{"id":40909,"href":"https:\/\/eldiariodesanpedro.com.ar\/sitio\/wp-json\/wp\/v2\/posts\/40897\/revisions\/40909"}],"wp:featuredmedia":[{"embeddable":true,"href":"https:\/\/eldiariodesanpedro.com.ar\/sitio\/wp-json\/wp\/v2\/media\/40907"}],"wp:attachment":[{"href":"https:\/\/eldiariodesanpedro.com.ar\/sitio\/wp-json\/wp\/v2\/media?parent=40897"}],"wp:term":[{"taxonomy":"category","embeddable":true,"href":"https:\/\/eldiariodesanpedro.com.ar\/sitio\/wp-json\/wp\/v2\/categories?post=40897"},{"taxonomy":"post_tag","embeddable":true,"href":"https:\/\/eldiariodesanpedro.com.ar\/sitio\/wp-json\/wp\/v2\/tags?post=40897"}],"curies":[{"name":"wp","href":"https:\/\/api.w.org\/{rel}","templated":true}]}}