{"id":40894,"date":"2018-09-28T08:39:50","date_gmt":"2018-09-28T11:39:50","guid":{"rendered":"https:\/\/eldiariodesanpedro.com.ar\/sitio\/?p=40894"},"modified":"2018-09-28T08:39:50","modified_gmt":"2018-09-28T11:39:50","slug":"allanamiento-se-detuvo-a-un-joven-y-peligroso-delincuente","status":"publish","type":"post","link":"https:\/\/eldiariodesanpedro.com.ar\/sitio\/allanamiento-se-detuvo-a-un-joven-y-peligroso-delincuente\/","title":{"rendered":"Allanamiento: Se detuvo a un joven y peligroso delincuente"},"content":{"rendered":"<p><!-- VideographyWP Plugin Message: Automatic video embedding prevented by plugin options. --><br \/>\nDurante horas de las madrugada de este jueves se realiz\u00f3 un allanamiento para la detenci\u00f3n de un joven y peligroso delincuente con frondosos antecedentes.<\/p>\n<p>En las primeras horas del jueves la DDI San Nicol\u00e1s en conjunto con la Sub DDI Baradero -San Pedro realizaron un allanamiento, detenci\u00f3n y secuestro en un domicilio ubicado en calle 21 Bis entre Quiroga y Liniers.<\/p>\n<p>En este lugar se detuvo a un joven Albacete Vladimir Ignacio de 18 a\u00f1os, quien tiene orden<br \/>\nde detenci\u00f3n emitido por el Juez de Garant\u00edas Pratty de San Nicol\u00e1s perteneciente al Juzgado N\u00famero 3, tras un hecho ocurrido el pasado 18 de septiembre donde este delincuente atac\u00f3 a un hombre mayor de edad teniendo la causa como caratula \u00abHomicidio en Grado de Tentativa\u00bb.<\/p>\n<p>Albacete se encontraba pr\u00f3fugo hasta esta noche cuando el personal de la dependencia local logr\u00f3 dar con el paradero de este malvivente donde fue detenido tras investigaci\u00f3n de la DDI a cargo del flamante jefe Iv\u00e1n Vitullo.<\/p>\n<p>El delincuente fue trasladado a la comisar\u00eda local donde permanecer\u00e1 alojado.<\/p>\n<p><img decoding=\"async\" data-attachment-id=\"40895\" data-permalink=\"https:\/\/eldiariodesanpedro.com.ar\/sitio\/allanamiento-se-detuvo-a-un-joven-y-peligroso-delincuente\/42586751_868778186664655_7049967586913550336_n\/\" data-orig-file=\"https:\/\/eldiariodesanpedro.com.ar\/sitio\/wp-content\/uploads\/2018\/09\/42586751_868778186664655_7049967586913550336_n.jpg\" data-orig-size=\"720,960\" data-comments-opened=\"1\" data-image-meta=\"{&quot;aperture&quot;:&quot;0&quot;,&quot;credit&quot;:&quot;&quot;,&quot;camera&quot;:&quot;&quot;,&quot;caption&quot;:&quot;&quot;,&quot;created_timestamp&quot;:&quot;0&quot;,&quot;copyright&quot;:&quot;&quot;,&quot;focal_length&quot;:&quot;0&quot;,&quot;iso&quot;:&quot;0&quot;,&quot;shutter_speed&quot;:&quot;0&quot;,&quot;title&quot;:&quot;&quot;,&quot;orientation&quot;:&quot;0&quot;}\" data-image-title=\"42586751_868778186664655_7049967586913550336_n\" data-image-description=\"\" data-image-caption=\"\" data-large-file=\"https:\/\/eldiariodesanpedro.com.ar\/sitio\/wp-content\/uploads\/2018\/09\/42586751_868778186664655_7049967586913550336_n.jpg\" class=\"alignnone size-full wp-image-40895 lazyload\" data-src=\"https:\/\/eldiariodesanpedro.com.ar\/sitio\/wp-content\/uploads\/2018\/09\/42586751_868778186664655_7049967586913550336_n.jpg\" alt=\"\" width=\"720\" height=\"960\" data-srcset=\"https:\/\/eldiariodesanpedro.com.ar\/sitio\/wp-content\/uploads\/2018\/09\/42586751_868778186664655_7049967586913550336_n.jpg 720w, https:\/\/eldiariodesanpedro.com.ar\/sitio\/wp-content\/uploads\/2018\/09\/42586751_868778186664655_7049967586913550336_n-225x300.jpg 225w\" data-sizes=\"(max-width: 720px) 100vw, 720px\" src=\"data:image\/svg+xml;base64,PHN2ZyB3aWR0aD0iMSIgaGVpZ2h0PSIxIiB4bWxucz0iaHR0cDovL3d3dy53My5vcmcvMjAwMC9zdmciPjwvc3ZnPg==\" style=\"--smush-placeholder-width: 720px; --smush-placeholder-aspect-ratio: 720\/960;\" \/><\/p>\n","protected":false},"excerpt":{"rendered":"<p>Durante horas de las madrugada de este jueves se realiz\u00f3 un allanamiento para la detenci\u00f3n de un joven y peligroso delincuente con frondosos antecedentes. En las primeras horas del jueves la DDI San Nicol\u00e1s en conjunto con la Sub DDI Baradero -San Pedro realizaron un allanamiento, detenci\u00f3n y secuestro en un domicilio ubicado en calle [&hellip;]<\/p>\n","protected":false},"author":4,"featured_media":13372,"comment_status":"open","ping_status":"closed","sticky":false,"template":"","format":"standard","meta":{"om_disable_all_campaigns":false,"_jetpack_memberships_contains_paid_content":false,"footnotes":""},"categories":[50,2,103],"tags":[],"class_list":["post-40894","post","type-post","status-publish","format-standard","has-post-thumbnail","hentry","category-destacadas","category-locales","category-policiales-locales"],"aioseo_notices":[],"gutentor_comment":0,"jetpack_featured_media_url":"https:\/\/eldiariodesanpedro.com.ar\/sitio\/wp-content\/uploads\/2017\/01\/Patrulla-4-e1485286120389.jpg","jetpack_shortlink":"https:\/\/wp.me\/p6RhLt-aDA","jetpack_sharing_enabled":true,"_links":{"self":[{"href":"https:\/\/eldiariodesanpedro.com.ar\/sitio\/wp-json\/wp\/v2\/posts\/40894","targetHints":{"allow":["GET"]}}],"collection":[{"href":"https:\/\/eldiariodesanpedro.com.ar\/sitio\/wp-json\/wp\/v2\/posts"}],"about":[{"href":"https:\/\/eldiariodesanpedro.com.ar\/sitio\/wp-json\/wp\/v2\/types\/post"}],"author":[{"embeddable":true,"href":"https:\/\/eldiariodesanpedro.com.ar\/sitio\/wp-json\/wp\/v2\/users\/4"}],"replies":[{"embeddable":true,"href":"https:\/\/eldiariodesanpedro.com.ar\/sitio\/wp-json\/wp\/v2\/comments?post=40894"}],"version-history":[{"count":1,"href":"https:\/\/eldiariodesanpedro.com.ar\/sitio\/wp-json\/wp\/v2\/posts\/40894\/revisions"}],"predecessor-version":[{"id":40896,"href":"https:\/\/eldiariodesanpedro.com.ar\/sitio\/wp-json\/wp\/v2\/posts\/40894\/revisions\/40896"}],"wp:featuredmedia":[{"embeddable":true,"href":"https:\/\/eldiariodesanpedro.com.ar\/sitio\/wp-json\/wp\/v2\/media\/13372"}],"wp:attachment":[{"href":"https:\/\/eldiariodesanpedro.com.ar\/sitio\/wp-json\/wp\/v2\/media?parent=40894"}],"wp:term":[{"taxonomy":"category","embeddable":true,"href":"https:\/\/eldiariodesanpedro.com.ar\/sitio\/wp-json\/wp\/v2\/categories?post=40894"},{"taxonomy":"post_tag","embeddable":true,"href":"https:\/\/eldiariodesanpedro.com.ar\/sitio\/wp-json\/wp\/v2\/tags?post=40894"}],"curies":[{"name":"wp","href":"https:\/\/api.w.org\/{rel}","templated":true}]}}