{"id":40886,"date":"2018-09-26T08:46:51","date_gmt":"2018-09-26T11:46:51","guid":{"rendered":"https:\/\/eldiariodesanpedro.com.ar\/sitio\/?p=40886"},"modified":"2018-09-26T08:46:51","modified_gmt":"2018-09-26T11:46:51","slug":"una-joven-de-22-anos-se-quito-la-vida","status":"publish","type":"post","link":"https:\/\/eldiariodesanpedro.com.ar\/sitio\/una-joven-de-22-anos-se-quito-la-vida\/","title":{"rendered":"Una Joven de 22 a\u00f1os se quit\u00f3 la vida"},"content":{"rendered":"<p><!-- VideographyWP Plugin Message: Automatic video embedding prevented by plugin options. --><br \/>\nEl triste hecho ocurri\u00f3 en la noche del martes, promediando las 23hs, cuando personal policial  tom\u00f3 intervenci\u00f3n en un domicilio sobre calle Anibal de Anton, donde por decisi\u00f3n propia una joven de 22 a\u00f1os de edad se quit\u00f3 la vida.<\/p>\n<p>La joven se encontraba en  el interior de su dormitorio, estando su familia en el interior de la vivienda, que no advirtieron la situaci\u00f3n, y s\u00f3lo descubrieron la escena, sin poder hacer nada. <\/p>\n<p>Estuvo presente personal del poder judicial en la escena, recabando testimonios, no existiendo hasta el momento elementos  que pongan en duda la autodeterminaci\u00f3n de la victima o que indiquen otra hipotesis. <\/p>\n<p>Se tomaron pericias de rigor por polic\u00eda cient\u00edfica. Se realizar\u00e1 la autopsia en la morgue de San Nicolas. Interviene la fiscal\u00eda en turno de san pedro     <\/p>\n","protected":false},"excerpt":{"rendered":"<p>El triste hecho ocurri\u00f3 en la noche del martes, promediando las 23hs, cuando personal policial tom\u00f3 intervenci\u00f3n en un domicilio sobre calle Anibal de Anton, donde por decisi\u00f3n propia una joven de 22 a\u00f1os de edad se quit\u00f3 la vida. La joven se encontraba en el interior de su dormitorio, estando su familia en el [&hellip;]<\/p>\n","protected":false},"author":4,"featured_media":27202,"comment_status":"open","ping_status":"closed","sticky":false,"template":"","format":"standard","meta":{"om_disable_all_campaigns":false,"_jetpack_memberships_contains_paid_content":false,"footnotes":""},"categories":[2,103],"tags":[],"class_list":["post-40886","post","type-post","status-publish","format-standard","has-post-thumbnail","hentry","category-locales","category-policiales-locales"],"aioseo_notices":[],"gutentor_comment":0,"jetpack_featured_media_url":"https:\/\/eldiariodesanpedro.com.ar\/sitio\/wp-content\/uploads\/2017\/12\/ambulancia-same-provincia.jpg","jetpack_shortlink":"https:\/\/wp.me\/p6RhLt-aDs","jetpack_sharing_enabled":true,"_links":{"self":[{"href":"https:\/\/eldiariodesanpedro.com.ar\/sitio\/wp-json\/wp\/v2\/posts\/40886","targetHints":{"allow":["GET"]}}],"collection":[{"href":"https:\/\/eldiariodesanpedro.com.ar\/sitio\/wp-json\/wp\/v2\/posts"}],"about":[{"href":"https:\/\/eldiariodesanpedro.com.ar\/sitio\/wp-json\/wp\/v2\/types\/post"}],"author":[{"embeddable":true,"href":"https:\/\/eldiariodesanpedro.com.ar\/sitio\/wp-json\/wp\/v2\/users\/4"}],"replies":[{"embeddable":true,"href":"https:\/\/eldiariodesanpedro.com.ar\/sitio\/wp-json\/wp\/v2\/comments?post=40886"}],"version-history":[{"count":1,"href":"https:\/\/eldiariodesanpedro.com.ar\/sitio\/wp-json\/wp\/v2\/posts\/40886\/revisions"}],"predecessor-version":[{"id":40887,"href":"https:\/\/eldiariodesanpedro.com.ar\/sitio\/wp-json\/wp\/v2\/posts\/40886\/revisions\/40887"}],"wp:featuredmedia":[{"embeddable":true,"href":"https:\/\/eldiariodesanpedro.com.ar\/sitio\/wp-json\/wp\/v2\/media\/27202"}],"wp:attachment":[{"href":"https:\/\/eldiariodesanpedro.com.ar\/sitio\/wp-json\/wp\/v2\/media?parent=40886"}],"wp:term":[{"taxonomy":"category","embeddable":true,"href":"https:\/\/eldiariodesanpedro.com.ar\/sitio\/wp-json\/wp\/v2\/categories?post=40886"},{"taxonomy":"post_tag","embeddable":true,"href":"https:\/\/eldiariodesanpedro.com.ar\/sitio\/wp-json\/wp\/v2\/tags?post=40886"}],"curies":[{"name":"wp","href":"https:\/\/api.w.org\/{rel}","templated":true}]}}