{"id":40873,"date":"2018-09-25T21:40:47","date_gmt":"2018-09-26T00:40:47","guid":{"rendered":"https:\/\/eldiariodesanpedro.com.ar\/sitio\/?p=40873"},"modified":"2018-09-25T22:02:16","modified_gmt":"2018-09-26T01:02:16","slug":"marcha-desde-el-centro-hasta-el-ministerio-de-trabajo-culmino-con-una-caravana-hasta-las-puertas-de-coplac","status":"publish","type":"post","link":"https:\/\/eldiariodesanpedro.com.ar\/sitio\/marcha-desde-el-centro-hasta-el-ministerio-de-trabajo-culmino-con-una-caravana-hasta-las-puertas-de-coplac\/","title":{"rendered":"Marcha desde el centro hasta el Ministerio de Trabajo, culmin\u00f3 con una caravana hasta las puertas de COPLAC"},"content":{"rendered":"<p><!-- VideographyWP Plugin Message: Automatic video embedding prevented by plugin options. --><br \/>\nEn la tarde del martes, como estaba previsto, se desarroll\u00f3 una movilizaci\u00f3n como muestra de acompa\u00f1amiento a los empleados despedidos de la planta de COPLAC y de la F\u00e1brica de Pl\u00e1sticos Saladino de R\u00edo Tala.<\/p>\n<p>Esta movilizaci\u00f3n, fue el corolario de la medida de fuerza que comenz\u00f3 este lunes al mediod\u00eda y tuvo ayer su segunda jornada con amplia participaci\u00f3n de trabajadores de distintos rubros. <\/p>\n<p>  La movilizaci\u00f3n estaba encabezada por un grupo de trabajadores despedidos de Coplac, que portaban la misma bandera que el lunes llevaron a Plaza de Mayo a la movilizaci\u00f3n nacional, lleg\u00f3 hasta el Ministerio de Trabajo donde leyeron un documento contra las pol\u00edticas del Gobierno de Macri y describieron la delicada situaci\u00f3n que est\u00e1 viviendo nuestra ciudad.<\/p>\n<p>  \u201cLa Patria est\u00e1 en peligro, San Pedro est\u00e1 en peligro, nuestras familias est\u00e1n en peligro\u201d comenzaba el documento redactado por CTA y CGT, durante la marcha.<\/p>\n<p>  Mucha gente se fue sumando a la columna de sindicatos y organizaciones sociales que, luego entre c\u00e1nticos, banderas y gritos contra el Gobierno de Macri, mostraron la cara de los trabajadores despedidos, quienes fueron al frente de la marcha en todo momento. Una vez que terminaron de leer el documento, se dirigieron en caravana hacia las puertas de la Planta de COPLAC, donde hace m\u00e1s de 15 d\u00edas est\u00e1n a la espera de respuestas positivas.<\/p>\n<p>  En un abrazo simb\u00f3lico uno de los despedidos expres\u00f3: \u201cEl apoyo de la gente nos est\u00e1 dando fuerzas para salir adelante; desde ya, un mill\u00f3n de gracias, se los agradeceremos toda la vida, la ayuda humana de todos los sindicatos y, necesitamos que tambi\u00e9n apoyen a los chicos que fueron despedidos de Saladino\u201d.<\/p>\n<p>Marcha en las calles c\u00e9ntricas<br \/>\n  Durante la tarde del martes, segunda jornada paro nacional, El Diario de San Pedro se acerc\u00f3 a la F\u00e1brica Saladino donde fuimos recibidos por los empleados que est\u00e1n de vigilia all\u00ed desde el domingo, con el secretario general del sindicato de Qu\u00edmicos, quien en entrevista nos contaba que \u201cEstamos apoyando toda la situaci\u00f3n para que esto salga adelante, quisimos desde un primer momento poner todo en orden porque ac\u00e1 hace m\u00e1s de un a\u00f1o no pasa nada, la producci\u00f3n estaba creciendo, pero ahora pasa esto. El due\u00f1o deja abandonada a la empresa.\u201d Y agreg\u00f3: \u201cNecesitamos que alguien nos ayude, los chicos quieren seguir trabajando, podemos hacer una cooperativa o algo\u2026 pero necesitamos la ayuda de funcionarios, de las m\u00e1ximas autoridades, necesitamos materiales.\u201d<\/p>\n<p>  Los empleados siguen dentro de la empresa a la espera de respuestas.<\/p>\n<p>  Tambi\u00e9n dialogamos con Fernando Esp\u00edndola del gremio de Camioneros, quienes se encontraban apostados a la vera de la Ruta 191, en el acceso a R\u00edo Tala acompa\u00f1ando el Paro Nacional.<\/p>\n<p>  Esp\u00edndola se mostr\u00f3 muy molesto con el comunicado enviado a los medios desde el Ejecutivo municipal, donde el Intendente dej\u00f3 en claro que no estaba de acuerdo con la medida de fuerza. En palabras de Salazar: \u201cEl trabajo se hace trabajando\u201d. Esp\u00edndola contest\u00f3: \u201cEs una opini\u00f3n muy desubicada, a\u00fan m\u00e1s porque \u00e9l viene de la rama sindical, se ha olvidado de donde viene\u201d; y agreg\u00f3: \u201cEstamos acompa\u00f1ando a los compa\u00f1eros de Coplac, la gente tiene que acompa\u00f1ar m\u00e1s, a todos nos puede tocar. Me doli\u00f3 mucho que el Intendente haya querido que todos los sindicalistas nos vayamos del lado de los trabajadores como si fu\u00e9ramos cualquier cosa\u201d.<\/p>\n<p><iframe data-src=\"https:\/\/www.facebook.com\/plugins\/video.php?href=https%3A%2F%2Fwww.facebook.com%2Feldiario.desanpedro%2Fvideos%2F2341359119237724%2F&#038;show_text=0&#038;width=560\" width=\"560\" height=\"315\" style=\"border:none;overflow:hidden\" scrolling=\"no\" frameborder=\"0\" allowTransparency=\"true\" allowFullScreen=\"true\" src=\"data:image\/svg+xml;base64,PHN2ZyB3aWR0aD0iMSIgaGVpZ2h0PSIxIiB4bWxucz0iaHR0cDovL3d3dy53My5vcmcvMjAwMC9zdmciPjwvc3ZnPg==\" class=\"lazyload\" data-load-mode=\"1\"><\/iframe><\/p>\n<p><iframe data-src=\"https:\/\/www.facebook.com\/plugins\/video.php?href=https%3A%2F%2Fwww.facebook.com%2Feldiario.desanpedro%2Fvideos%2F161350811440719%2F&#038;show_text=0&#038;width=560\" width=\"560\" height=\"315\" style=\"border:none;overflow:hidden\" scrolling=\"no\" frameborder=\"0\" allowTransparency=\"true\" allowFullScreen=\"true\" src=\"data:image\/svg+xml;base64,PHN2ZyB3aWR0aD0iMSIgaGVpZ2h0PSIxIiB4bWxucz0iaHR0cDovL3d3dy53My5vcmcvMjAwMC9zdmciPjwvc3ZnPg==\" class=\"lazyload\" data-load-mode=\"1\"><\/iframe><\/p>\n<p><iframe data-src=\"https:\/\/www.facebook.com\/plugins\/post.php?href=https%3A%2F%2Fwww.facebook.com%2Fmedia%2Fset%2F%3Fset%3Da.868100296732444%26type%3D3&#038;width=500\" width=\"500\" height=\"732\" style=\"border:none;overflow:hidden\" scrolling=\"no\" frameborder=\"0\" allowTransparency=\"true\" allow=\"encrypted-media\" src=\"data:image\/svg+xml;base64,PHN2ZyB3aWR0aD0iMSIgaGVpZ2h0PSIxIiB4bWxucz0iaHR0cDovL3d3dy53My5vcmcvMjAwMC9zdmciPjwvc3ZnPg==\" class=\"lazyload\" data-load-mode=\"1\"><\/iframe><\/p>\n","protected":false},"excerpt":{"rendered":"<p>En la tarde del martes, como estaba previsto, se desarroll\u00f3 una movilizaci\u00f3n como muestra de acompa\u00f1amiento a los empleados despedidos de la planta de COPLAC y de la F\u00e1brica de Pl\u00e1sticos Saladino de R\u00edo Tala. Esta movilizaci\u00f3n, fue el corolario de la medida de fuerza que comenz\u00f3 este lunes al mediod\u00eda y tuvo ayer su [&hellip;]<\/p>\n","protected":false},"author":4,"featured_media":40879,"comment_status":"open","ping_status":"closed","sticky":false,"template":"","format":"standard","meta":{"om_disable_all_campaigns":false,"_jetpack_memberships_contains_paid_content":false,"footnotes":""},"categories":[50,101,2],"tags":[],"class_list":["post-40873","post","type-post","status-publish","format-standard","has-post-thumbnail","hentry","category-destacadas","category-interes-general-locales","category-locales"],"aioseo_notices":[],"gutentor_comment":0,"jetpack_featured_media_url":"https:\/\/eldiariodesanpedro.com.ar\/sitio\/wp-content\/uploads\/2018\/09\/42672123_286402108628603_8169345315334258688_n.jpg","jetpack_shortlink":"https:\/\/wp.me\/p6RhLt-aDf","jetpack_sharing_enabled":true,"_links":{"self":[{"href":"https:\/\/eldiariodesanpedro.com.ar\/sitio\/wp-json\/wp\/v2\/posts\/40873","targetHints":{"allow":["GET"]}}],"collection":[{"href":"https:\/\/eldiariodesanpedro.com.ar\/sitio\/wp-json\/wp\/v2\/posts"}],"about":[{"href":"https:\/\/eldiariodesanpedro.com.ar\/sitio\/wp-json\/wp\/v2\/types\/post"}],"author":[{"embeddable":true,"href":"https:\/\/eldiariodesanpedro.com.ar\/sitio\/wp-json\/wp\/v2\/users\/4"}],"replies":[{"embeddable":true,"href":"https:\/\/eldiariodesanpedro.com.ar\/sitio\/wp-json\/wp\/v2\/comments?post=40873"}],"version-history":[{"count":4,"href":"https:\/\/eldiariodesanpedro.com.ar\/sitio\/wp-json\/wp\/v2\/posts\/40873\/revisions"}],"predecessor-version":[{"id":40883,"href":"https:\/\/eldiariodesanpedro.com.ar\/sitio\/wp-json\/wp\/v2\/posts\/40873\/revisions\/40883"}],"wp:featuredmedia":[{"embeddable":true,"href":"https:\/\/eldiariodesanpedro.com.ar\/sitio\/wp-json\/wp\/v2\/media\/40879"}],"wp:attachment":[{"href":"https:\/\/eldiariodesanpedro.com.ar\/sitio\/wp-json\/wp\/v2\/media?parent=40873"}],"wp:term":[{"taxonomy":"category","embeddable":true,"href":"https:\/\/eldiariodesanpedro.com.ar\/sitio\/wp-json\/wp\/v2\/categories?post=40873"},{"taxonomy":"post_tag","embeddable":true,"href":"https:\/\/eldiariodesanpedro.com.ar\/sitio\/wp-json\/wp\/v2\/tags?post=40873"}],"curies":[{"name":"wp","href":"https:\/\/api.w.org\/{rel}","templated":true}]}}