{"id":40869,"date":"2018-09-25T20:40:48","date_gmt":"2018-09-25T23:40:48","guid":{"rendered":"https:\/\/eldiariodesanpedro.com.ar\/sitio\/?p=40869"},"modified":"2026-01-24T00:10:50","modified_gmt":"2026-01-24T03:10:50","slug":"ciclismo-monzon-pego-en-el-momento-justo","status":"publish","type":"post","link":"https:\/\/eldiariodesanpedro.com.ar\/sitio\/ciclismo-monzon-pego-en-el-momento-justo\/","title":{"rendered":"CICLISMO: Monz\u00f3n peg\u00f3 en el momento justo"},"content":{"rendered":"<p><!-- VideographyWP Plugin Message: Automatic video embedding prevented by plugin options. --><br \/>\nNueva fecha en el atractivo circuito \u201cPanor\u00e1mico del Oeste\u201d de Pro Ciclismo San Pedro y nuevo ganador en la competencia de fondo, esta vez los laureles los obtuvo Cristian Monz\u00f3n.<\/p>\n<p>  El ganador luego de trabajar intensamente, pasada la media hora de carrera y a pocos metros de conseguir la vuelta de ventaja, se realiz\u00f3 el sprint de los 45\u2019, donde ah\u00ed, se arma el gran pataleo, se desgrana el pelot\u00f3n, hasta darle alcance Luciano Pereyra, despu\u00e9s, Just\u00edn Joach\u00edn, luego Mariano Manzo completo la cuarteta de punta y as\u00ed decididamente buscaron apoderarse de los escalones mayores del podio de la prueba central del programa organizado por la entidad sampedrina.<\/p>\n<p><strong>Clasificaciones:<\/strong><\/p>\n<p><em>INFANTILES<\/em><br \/>\nParticiparon: Just\u00edn Giuliani \u2013 Laureano Cardoso y Fantino Giuliani<\/p>\n<p><strong>PE\u00d1A CICLISTAS SAMPEDRINOS<\/strong><br \/>\n1\u00ba Guillermo Muracca<br \/>\n2\u00ba Mauricio Beretta<br \/>\n3\u00ba Claudio Palacios<br \/>\n4\u00ba Fernando Chilelli<br \/>\n5\u00ba Daniel Chipolini<\/p>\n<p><strong>MENORES y MAYORES ZONALES<\/strong><br \/>\n1\u00ba Fabi\u00e1n Duarte (Capilla del Se\u00f1or)<br \/>\n2\u00ba Gonzalo Trejo (Lincoln)<br \/>\n3\u00ba Alejandro Aliendro (San Andr\u00e9s de Giles)<br \/>\n4\u00ba Alejandro Bel\u00e9n (Lincoln)<br \/>\n5\u00ba Diego L\u00f3pez (Z\u00e1rate)<\/p>\n<p><strong>M\u00c1STER \u201cD\u201d<\/strong><br \/>\n1\u00ba Roberto G\u00f3mez (Capilla del Se\u00f1or)<br \/>\n2\u00ba Rub\u00e9n Morales (San Pedro)<br \/>\n3\u00ba Oscar Artiguez (San Pedro)<br \/>\n4\u00ba Oscar L\u00f3pez (Z\u00e1rate)<br \/>\n5\u00ba Zen\u00f3n Obreg\u00f3n (Z\u00e1rate)<\/p>\n<p><strong>M\u00c1STER \u201cB-2 y C\u201d<\/strong><br \/>\n1\u00ba Juan Fontana (Capit\u00e1n Sarmiento)<br \/>\n2\u00ba H\u00e9ctor Bel\u00e9n (Gral. Pinto)<br \/>\n3\u00ba Gustavo Paday (Capit\u00e1n Sarmiento)<br \/>\n4\u00ba Sergio Lucero (Capit\u00e1n Sarmiento)<br \/>\n5\u00ba N\u00e9stor \u201cChicho\u201d Varela (Arrecifes)<br \/>\n6\u00ba Claudio Varela (Arrecifes)<br \/>\n7\u00ba Daniel Boaglio (San Pedro)<\/p>\n<p><strong>Ganador Sprint especial: N\u00e9stor \u201cChicho\u201d Varela (Arrecifes)<\/strong><\/p>\n<p><strong>PROMO \u2013 M\u00c1STER \u201cA \u2013 M\u00c1STER \u201cB\u201d<\/strong><br \/>\n1\u00ba Cristian Monz\u00f3n (San Pedro)<br \/>\n2\u00ba Just\u00edn Joach\u00edn (La Luisa)<br \/>\n3\u00ba Luciano Pereyra (Rosario)<br \/>\n4\u00ba Mariano Manzo (San Pedro)<br \/>\n5\u00ba Mat\u00edas Aquino (San Andr\u00e9s de Giles)<\/p>\n<p>Ganadores sprinter especiales: Luciano Pereyra (Rosario) y Emiliano Carreras (Arrecifes).<\/p>\n<p><strong>EN SALTO<\/strong><br \/>\n  Admirable y merecido homenaje brindado por parte de la comisi\u00f3n de ciclismo el domingo 23, al gran campe\u00f3n Miguel Spadone, en la pista Municipal de Salto.<\/p>\n<p>  Y lo particular de la organizaci\u00f3n fue, la disputa de la \u201ctriple formula\u201d, en cual las categor\u00edas Master \u201cC\u201d \u2013 \u201cB\u201d \u2013 Promocional y Juveniles compitieron en tres especialidades: Tempo, Scratch y Vueltas puntuables, adem\u00e1s los Menores \u2013 Mayores y Master \u201cD\u201d, quienes abrieron la jornada con las pruebas en pelot\u00f3n; All\u00ed, al pelda\u00f1o m\u00e1s alto del podio, subi\u00f3 el Sampedrino Daniel Boaglio y en categor\u00eda Menores, Brian Carro estuvo en el segundo lugar de la premiaci\u00f3n.<br \/>\n  Estas fueron las clasificaciones de todo el programa organizado por la Comisi\u00f3n Municipal de Ciclismo.<\/p>\n<p><strong>DEBUTANTES MAYORES<\/strong><br \/>\n1\u00b0 Daniel Boaglio (San Pedro)<br \/>\n2\u00b0 Luis Lafitte (Colon)<br \/>\n3\u00b0 Franco Chuliver (Chacabuco)<br \/>\n4\u00b0 Jos\u00e9 Constanzo (San Andr\u00e9s de Giles)<br \/>\n5\u00b0 Ernesto Rivarola (Capit\u00e1n Sarmiento)<\/p>\n<p><strong>DEBUTANTES MENORES<\/strong><br \/>\n1\u00b0 Nicol\u00e1s Vildoza (Col\u00f3n)<br \/>\n2\u00b0 Braian Carro (San Pedro)<br \/>\n3\u00b0 Federico Franchoni (Arrecifes)<br \/>\n4\u00b0 Franco Quagliato (Col\u00f3n)<br \/>\n5\u00b0 Luciano Gim\u00e9nez (Jun\u00edn)<\/p>\n<p><strong>M\u00c1STER \u201cD\u201d<\/strong><br \/>\n1\u00b0 Miguel Macchi (Capit\u00e1n Sarmiento)<br \/>\n2\u00b0 Oscar Pergolesi (Ca\u00f1ada de G\u00f3mez)<br \/>\n3\u00b0 Jos\u00e9 Luis Constantino (Lincoln)<br \/>\n4\u00b0 Roberto Arr\u00f3spide (Salto)<br \/>\n5\u00b0 Jorge Filardi (Capital Federal)<\/p>\n<p><strong>Resultados finales de la Triple F\u00f3rmula<\/strong><br \/>\n<strong>M\u00c1STER \u201cC\u201d<\/strong><br \/>\n1\u00ba Adri\u00e1n Pozzoli (Berazategui)<br \/>\n2\u00ba Gustavo Shampo (Bell Ville)<br \/>\n3\u00ba David Young (Chascom\u00fas)<br \/>\n4\u00ba Adri\u00e1n Garc\u00eda (Venado Tuerto)<br \/>\n5\u00ba Juan Mendoza (Colon)<br \/>\n6\u00ba N\u00e9stor Pellegrino (San Miguel del Monte)<br \/>\n7\u00ba Juan Carlos Funes (Saladillo)<\/p>\n<p><strong>M\u00c1STER \u201cB\u201d<\/strong><br \/>\n1\u00b0 Mariano Salm\u00f3n (Ca\u00f1uelas)<br \/>\n2\u00b0 Pablo Drascovich (San Nicol\u00e1s)<br \/>\n3\u00b0 Marcos P\u00e9rez (Salto)<br \/>\n4\u00b0 Jos\u00e9 Chaar (Ituzaing\u00f3)<br \/>\n5\u00b0 Rub\u00e9n Gregori (Lobos)<br \/>\n6\u00b0 Luciano Tala (Arrecifes)<\/p>\n<p><strong>PROMOCIONALES Y JUVENILES<\/strong><br \/>\n1\u00b0 Lukas Dundic (Salto)<br \/>\n2\u00b0 Federico Raboso (Salto)<br \/>\n3\u00b0 Adri\u00e1n Sosa (Lober\u00eda)<br \/>\n4\u00b0 Emanuel Grosso (San Nicol\u00e1s)<br \/>\n5\u00b0 Santiago Eder (Germania)<br \/>\n6\u00b0 Federico G\u00f3mez (Tapalqu\u00e9)<\/p>\n","protected":false},"excerpt":{"rendered":"<p>Nueva fecha en el atractivo circuito \u201cPanor\u00e1mico del Oeste\u201d de Pro Ciclismo San Pedro y nuevo ganador en la competencia de fondo, esta vez los laureles los obtuvo Cristian Monz\u00f3n. El ganador luego de trabajar intensamente, pasada la media hora de carrera y a pocos metros de conseguir la vuelta de ventaja, se realiz\u00f3 el [&hellip;]<\/p>\n","protected":false},"author":4,"featured_media":40874,"comment_status":"open","ping_status":"closed","sticky":false,"template":"","format":"standard","meta":{"om_disable_all_campaigns":false,"_jetpack_memberships_contains_paid_content":false,"footnotes":""},"categories":[5],"tags":[],"class_list":["post-40869","post","type-post","status-publish","format-standard","has-post-thumbnail","hentry","category-deportes"],"aioseo_notices":[],"gutentor_comment":0,"jetpack_featured_media_url":"https:\/\/eldiariodesanpedro.com.ar\/sitio\/wp-content\/uploads\/2018\/09\/Ignacio-Garcia-y-Brian-Carro-al-frente-del-peloton.jpg","jetpack_shortlink":"https:\/\/wp.me\/p6RhLt-aDb","jetpack_sharing_enabled":true,"_links":{"self":[{"href":"https:\/\/eldiariodesanpedro.com.ar\/sitio\/wp-json\/wp\/v2\/posts\/40869","targetHints":{"allow":["GET"]}}],"collection":[{"href":"https:\/\/eldiariodesanpedro.com.ar\/sitio\/wp-json\/wp\/v2\/posts"}],"about":[{"href":"https:\/\/eldiariodesanpedro.com.ar\/sitio\/wp-json\/wp\/v2\/types\/post"}],"author":[{"embeddable":true,"href":"https:\/\/eldiariodesanpedro.com.ar\/sitio\/wp-json\/wp\/v2\/users\/4"}],"replies":[{"embeddable":true,"href":"https:\/\/eldiariodesanpedro.com.ar\/sitio\/wp-json\/wp\/v2\/comments?post=40869"}],"version-history":[{"count":1,"href":"https:\/\/eldiariodesanpedro.com.ar\/sitio\/wp-json\/wp\/v2\/posts\/40869\/revisions"}],"predecessor-version":[{"id":40875,"href":"https:\/\/eldiariodesanpedro.com.ar\/sitio\/wp-json\/wp\/v2\/posts\/40869\/revisions\/40875"}],"wp:featuredmedia":[{"embeddable":true,"href":"https:\/\/eldiariodesanpedro.com.ar\/sitio\/wp-json\/wp\/v2\/media\/40874"}],"wp:attachment":[{"href":"https:\/\/eldiariodesanpedro.com.ar\/sitio\/wp-json\/wp\/v2\/media?parent=40869"}],"wp:term":[{"taxonomy":"category","embeddable":true,"href":"https:\/\/eldiariodesanpedro.com.ar\/sitio\/wp-json\/wp\/v2\/categories?post=40869"},{"taxonomy":"post_tag","embeddable":true,"href":"https:\/\/eldiariodesanpedro.com.ar\/sitio\/wp-json\/wp\/v2\/tags?post=40869"}],"curies":[{"name":"wp","href":"https:\/\/api.w.org\/{rel}","templated":true}]}}