{"id":40868,"date":"2018-09-25T20:41:10","date_gmt":"2018-09-25T23:41:10","guid":{"rendered":"https:\/\/eldiariodesanpedro.com.ar\/sitio\/?p=40868"},"modified":"2026-01-24T00:10:50","modified_gmt":"2026-01-24T03:10:50","slug":"atletismo-i-atletas-de-mitre-corrieron-la-maraton-de-caba","status":"publish","type":"post","link":"https:\/\/eldiariodesanpedro.com.ar\/sitio\/atletismo-i-atletas-de-mitre-corrieron-la-maraton-de-caba\/","title":{"rendered":"ATLETISMO I: Atletas de Mitre corrieron la Marat\u00f3n de CABA"},"content":{"rendered":"<p><!-- VideographyWP Plugin Message: Automatic video embedding prevented by plugin options. --><br \/>\n  Se corri\u00f3 por las calles de Buenos Aires una de las maratones m\u00e1s grandes del mundo, esta vez con 9000 atletas que llegaron dispuesto a realizar la mejor de sus vidas, tanto que fue la m\u00e1s r\u00e1pida de la historia en CABA.<br \/>\n  Un keniata debutante gan\u00f3 con r\u00e9cord de circuito el marat\u00f3n de Buenos Aires.<\/p>\n<p>  El escolta fue su compatriota Barnabas Kiptum, con 2 horas 09 minutos 29 segundos y tercero fue el peruano Cristian Pacheco, quien con 2 horas 11 minutos 18 segundos se hizo acreedor al campeonato sudamericano de marat\u00f3n.<br \/>\n  Mitre estuvo presente con los siguientes atletas: Sergio Guilenia 589\u00b0 en la general y 125\u00b0 en su categor\u00eda 35-39 a\u00f1os, tiempo 03h19m45s; Marcelo Sacc\u00e1 631\u00b0 y 61\u00b0 en 45-49 tiempo 03h21m01s; Pedro L\u00f3pez 03h51m44s; Cristian Gonz\u00e1lez 1005\u00b0 y 235\u00b0 para 40-44 (03h29m23s); Jorge D\u00b4Andrea 3174\u00b0 y 422\u00b0 en 45-49, tiempo 04h03m35s; Mariano Vecchio 3162\u00b0 y 470\u00b0 en 30-34 (04h05m21s); Lucas L\u00f3pez 04h31m35s).<\/p>\n<p><strong>En San Pedro 10k<\/strong><br \/>\n  Organizado por una firma comercial se corri\u00f3 en nuestra ciudad una prueba de 10k, la segunda en 7 d\u00edas (la anterior fue organizada por el CEF). La clasificaci\u00f3n general fue primero Emiliano Mart\u00ednez, segundo el sampedrino Rodrigo Salazar y tercero Sebasti\u00e1n Schneider. Entre las damas se impuso Mariana Montiel y detr\u00e1s se ubicaron Alejandra Laserna e Iris Ver\u00f3n de nuestra ciudad.<\/p>\n","protected":false},"excerpt":{"rendered":"<p>Se corri\u00f3 por las calles de Buenos Aires una de las maratones m\u00e1s grandes del mundo, esta vez con 9000 atletas que llegaron dispuesto a realizar la mejor de sus vidas, tanto que fue la m\u00e1s r\u00e1pida de la historia en CABA. Un keniata debutante gan\u00f3 con r\u00e9cord de circuito el marat\u00f3n de Buenos Aires. [&hellip;]<\/p>\n","protected":false},"author":4,"featured_media":40871,"comment_status":"open","ping_status":"closed","sticky":false,"template":"","format":"standard","meta":{"om_disable_all_campaigns":false,"_jetpack_memberships_contains_paid_content":false,"footnotes":""},"categories":[5],"tags":[],"class_list":["post-40868","post","type-post","status-publish","format-standard","has-post-thumbnail","hentry","category-deportes"],"aioseo_notices":[],"gutentor_comment":0,"jetpack_featured_media_url":"https:\/\/eldiariodesanpedro.com.ar\/sitio\/wp-content\/uploads\/2018\/09\/Deportistas-del-rojo-en-los-42k.jpg","jetpack_shortlink":"https:\/\/wp.me\/p6RhLt-aDa","jetpack_sharing_enabled":true,"_links":{"self":[{"href":"https:\/\/eldiariodesanpedro.com.ar\/sitio\/wp-json\/wp\/v2\/posts\/40868","targetHints":{"allow":["GET"]}}],"collection":[{"href":"https:\/\/eldiariodesanpedro.com.ar\/sitio\/wp-json\/wp\/v2\/posts"}],"about":[{"href":"https:\/\/eldiariodesanpedro.com.ar\/sitio\/wp-json\/wp\/v2\/types\/post"}],"author":[{"embeddable":true,"href":"https:\/\/eldiariodesanpedro.com.ar\/sitio\/wp-json\/wp\/v2\/users\/4"}],"replies":[{"embeddable":true,"href":"https:\/\/eldiariodesanpedro.com.ar\/sitio\/wp-json\/wp\/v2\/comments?post=40868"}],"version-history":[{"count":1,"href":"https:\/\/eldiariodesanpedro.com.ar\/sitio\/wp-json\/wp\/v2\/posts\/40868\/revisions"}],"predecessor-version":[{"id":40876,"href":"https:\/\/eldiariodesanpedro.com.ar\/sitio\/wp-json\/wp\/v2\/posts\/40868\/revisions\/40876"}],"wp:featuredmedia":[{"embeddable":true,"href":"https:\/\/eldiariodesanpedro.com.ar\/sitio\/wp-json\/wp\/v2\/media\/40871"}],"wp:attachment":[{"href":"https:\/\/eldiariodesanpedro.com.ar\/sitio\/wp-json\/wp\/v2\/media?parent=40868"}],"wp:term":[{"taxonomy":"category","embeddable":true,"href":"https:\/\/eldiariodesanpedro.com.ar\/sitio\/wp-json\/wp\/v2\/categories?post=40868"},{"taxonomy":"post_tag","embeddable":true,"href":"https:\/\/eldiariodesanpedro.com.ar\/sitio\/wp-json\/wp\/v2\/tags?post=40868"}],"curies":[{"name":"wp","href":"https:\/\/api.w.org\/{rel}","templated":true}]}}