{"id":40864,"date":"2018-09-25T20:25:08","date_gmt":"2018-09-25T23:25:08","guid":{"rendered":"https:\/\/eldiariodesanpedro.com.ar\/sitio\/?p=40864"},"modified":"2018-09-25T20:25:08","modified_gmt":"2018-09-25T23:25:08","slug":"zarate-el-diputado-matias-ranzini-salio-al-cruce-contra-micheli-y-baradel","status":"publish","type":"post","link":"https:\/\/eldiariodesanpedro.com.ar\/sitio\/zarate-el-diputado-matias-ranzini-salio-al-cruce-contra-micheli-y-baradel\/","title":{"rendered":"Z\u00c1RATE: El diputado Mat\u00edas Ranzini sali\u00f3 al cruce contra Micheli y Baradel"},"content":{"rendered":"<p><!-- VideographyWP Plugin Message: Automatic video embedding prevented by plugin options. --><br \/>\n  El diputado por Cambiemos, el zarate\u00f1o Mat\u00edas Ranzini, sali\u00f3 al cruce tras los pol\u00e9micos dichos de Pablo Micheli y, en su cuenta de Twitter escribi\u00f3: \u201cPablo Micheli nos quiere llevar con sus acciones a ser la Venezuela de Maduro. Los argentinos elegimos otro camino, que reiniciamos en 1983 con aciertos, errores, correcciones y esperanzas. Por eso con @mauriciomacri vamos a seguir consolidando nuestra democracia\u201d.<br \/>\n  Adem\u00e1s, el diputado Ranzini continu\u00f3 escribiendo en su cuenta de Twitter y agreg\u00f3 \u201cConsolidar nuestra democracia significa respetar la institucionalidad, y tambi\u00e9n comprometernos como ciudadanos en cuidar el Pacto Democr\u00e1tico que nos rige como Sociedad, como Patria, como Bandera\u201d<br \/>\n  \u201cLa mayor\u00eda de los argentinos apoya la democracia, van con sus hijos a votar cada dos a\u00f1os y no necesitan a nadie que agite tumbar un gobierno de forma irresponsable como lo hace Pablo Micheli al un\u00edsono de @NicolasMaduro\u201d, sigui\u00f3 Mat\u00edas Ranzini.<br \/>\n  El gremialista Pablo Micheli hab\u00eda dicho en su discurso en el d\u00eda de ayer en la manifestaci\u00f3n popular que \u00ab\u2026Vamos a tener que hacer una y mil marchas\u2026 O se cae este modelo o estos tipos dejan el Gobierno\u2026\u00bb<br \/>\n  Est\u00e1s palabras cayeron muy mal al diputado provincial que agreg\u00f3 en su cuenta de Twitter: \u201cPor esto tambi\u00e9n Pablo Micheli quiere voltear el gobierno: Porque el lunes 1 de octubre tiene que volver a laburar y dejar su licencia gremial\u201d<br \/>\n  Tambi\u00e9n Mat\u00edas Ranzini le contest\u00f3 a Baradel y dijo \u201cLa irresponsabilidad de @RobiBaradel compromete la paz de los que ma\u00f1ana quieren ir a trabajar. Porque no tenemos que perder de vista que hay muchos trabajadores que ir\u00e1n a trabajar, muchos comercios que abrir\u00e1n y la mayor\u00eda de los argentinos est\u00e1 en contra de este paro\u201d.<\/p>\n","protected":false},"excerpt":{"rendered":"<p>El diputado por Cambiemos, el zarate\u00f1o Mat\u00edas Ranzini, sali\u00f3 al cruce tras los pol\u00e9micos dichos de Pablo Micheli y, en su cuenta de Twitter escribi\u00f3: \u201cPablo Micheli nos quiere llevar con sus acciones a ser la Venezuela de Maduro. Los argentinos elegimos otro camino, que reiniciamos en 1983 con aciertos, errores, correcciones y esperanzas. Por [&hellip;]<\/p>\n","protected":false},"author":4,"featured_media":40865,"comment_status":"open","ping_status":"closed","sticky":false,"template":"","format":"standard","meta":{"om_disable_all_campaigns":false,"_jetpack_memberships_contains_paid_content":false,"footnotes":""},"categories":[621],"tags":[],"class_list":["post-40864","post","type-post","status-publish","format-standard","has-post-thumbnail","hentry","category-regionales"],"aioseo_notices":[],"gutentor_comment":0,"jetpack_featured_media_url":"https:\/\/eldiariodesanpedro.com.ar\/sitio\/wp-content\/uploads\/2018\/09\/El-diputado-por-Cambiemos-el-zarate\u00f1o-Matias-Ranzini.jpeg","jetpack_shortlink":"https:\/\/wp.me\/p6RhLt-aD6","jetpack_sharing_enabled":true,"_links":{"self":[{"href":"https:\/\/eldiariodesanpedro.com.ar\/sitio\/wp-json\/wp\/v2\/posts\/40864","targetHints":{"allow":["GET"]}}],"collection":[{"href":"https:\/\/eldiariodesanpedro.com.ar\/sitio\/wp-json\/wp\/v2\/posts"}],"about":[{"href":"https:\/\/eldiariodesanpedro.com.ar\/sitio\/wp-json\/wp\/v2\/types\/post"}],"author":[{"embeddable":true,"href":"https:\/\/eldiariodesanpedro.com.ar\/sitio\/wp-json\/wp\/v2\/users\/4"}],"replies":[{"embeddable":true,"href":"https:\/\/eldiariodesanpedro.com.ar\/sitio\/wp-json\/wp\/v2\/comments?post=40864"}],"version-history":[{"count":1,"href":"https:\/\/eldiariodesanpedro.com.ar\/sitio\/wp-json\/wp\/v2\/posts\/40864\/revisions"}],"predecessor-version":[{"id":40866,"href":"https:\/\/eldiariodesanpedro.com.ar\/sitio\/wp-json\/wp\/v2\/posts\/40864\/revisions\/40866"}],"wp:featuredmedia":[{"embeddable":true,"href":"https:\/\/eldiariodesanpedro.com.ar\/sitio\/wp-json\/wp\/v2\/media\/40865"}],"wp:attachment":[{"href":"https:\/\/eldiariodesanpedro.com.ar\/sitio\/wp-json\/wp\/v2\/media?parent=40864"}],"wp:term":[{"taxonomy":"category","embeddable":true,"href":"https:\/\/eldiariodesanpedro.com.ar\/sitio\/wp-json\/wp\/v2\/categories?post=40864"},{"taxonomy":"post_tag","embeddable":true,"href":"https:\/\/eldiariodesanpedro.com.ar\/sitio\/wp-json\/wp\/v2\/tags?post=40864"}],"curies":[{"name":"wp","href":"https:\/\/api.w.org\/{rel}","templated":true}]}}