{"id":40861,"date":"2018-09-25T20:20:43","date_gmt":"2018-09-25T23:20:43","guid":{"rendered":"https:\/\/eldiariodesanpedro.com.ar\/sitio\/?p=40861"},"modified":"2018-09-25T20:20:43","modified_gmt":"2018-09-25T23:20:43","slug":"ramallo-nueva-mesa-de-anestesia-para-el-hospital-gomendio","status":"publish","type":"post","link":"https:\/\/eldiariodesanpedro.com.ar\/sitio\/ramallo-nueva-mesa-de-anestesia-para-el-hospital-gomendio\/","title":{"rendered":"RAMALLO: Nueva \u201cmesa de anestesia\u201d para el Hospital Gomendio"},"content":{"rendered":"<p><!-- VideographyWP Plugin Message: Automatic video embedding prevented by plugin options. --><br \/>\nLa Asociaci\u00f3n Cooperadora llev\u00f3 adelante las gestiones para la adquisici\u00f3n del nuevo equipo de \u00faltima generaci\u00f3n que tuvo un costo superior a los 360 mil pesos. El aporte econ\u00f3mico lo hizo COOSPRAL.<\/p>\n<p>  La Cooperativa de Provisi\u00f3n de Servicios P\u00fablicos del Partido de Ramallo (COOSPRAL) hizo una importante donaci\u00f3n para que la Asociaci\u00f3n Cooperadora pudiera comprar una cama de anestesia para el Hospital Gomendio. Cristina Salvioni, se refiri\u00f3 a este nuevo aporte en RADIO META. \u201cNuestro objetivo es tratar de que el hospital est\u00e9 cada d\u00eda mejor provisto y modernizar dentro de las posibilidades. Hace unos meses nos dijo el Dr. Mill\u00e1n que ser\u00eda necesario, no porque no hubiera mesa de anestesiolog\u00eda, pero tiene varios a\u00f1os, una nueva con otros elementos incorporados, de \u00faltima generaci\u00f3n; es algo que tiene incorporado un ox\u00edmetro, varios aparatos, ante una emergencia durante una operaci\u00f3n el anestesi\u00f3logo tiene ah\u00ed todo preparado para salir adelante\u201d, coment\u00f3 la integrante de la Asociaci\u00f3n Cooperadora del Hospital Gomendio.<br \/>\n  Cristina Salvioni inform\u00f3 que sin la ayuda de los vecinos o empresas hubiera sido dif\u00edcil adquirirla. \u201cEste a\u00f1o ya compramos un ec\u00f3grafo que cost\u00f3 m\u00e1s de 360 mil pesos. Nuestras entradas son por cintas de caridad, donaciones, algunas actividades, lo de la Biblioteca Estrada&#8230; Iba a pasar mucho tiempo para juntar esa suma, entonces decidimos ir a visitar personas y empresas que siempre est\u00e1n dispuestas a donar. Empezamos a hacer el recorrido y nadie se neg\u00f3, hasta que llegamos a Coospral, y ah\u00ed le dijeron a un par de mis compa\u00f1eras que iban a aportar el total de esa compra, no lo pod\u00edamos creer porque era demasiado. Entonces volvimos a las otras personas que nos hab\u00edan dicho que s\u00ed para agradecerles porque ya no era necesario\u201d. <\/p>\n<p>Fuente: Metafm.com.ar<\/p>\n","protected":false},"excerpt":{"rendered":"<p>La Asociaci\u00f3n Cooperadora llev\u00f3 adelante las gestiones para la adquisici\u00f3n del nuevo equipo de \u00faltima generaci\u00f3n que tuvo un costo superior a los 360 mil pesos. El aporte econ\u00f3mico lo hizo COOSPRAL. La Cooperativa de Provisi\u00f3n de Servicios P\u00fablicos del Partido de Ramallo (COOSPRAL) hizo una importante donaci\u00f3n para que la Asociaci\u00f3n Cooperadora pudiera comprar [&hellip;]<\/p>\n","protected":false},"author":4,"featured_media":40862,"comment_status":"open","ping_status":"closed","sticky":false,"template":"","format":"standard","meta":{"om_disable_all_campaigns":false,"_jetpack_memberships_contains_paid_content":false,"footnotes":""},"categories":[621],"tags":[],"class_list":["post-40861","post","type-post","status-publish","format-standard","has-post-thumbnail","hentry","category-regionales"],"aioseo_notices":[],"gutentor_comment":0,"jetpack_featured_media_url":"https:\/\/eldiariodesanpedro.com.ar\/sitio\/wp-content\/uploads\/2018\/09\/Nueva-mesa-de-anestesia-para-el-Hospital-Gomendio.jpg","jetpack_shortlink":"https:\/\/wp.me\/p6RhLt-aD3","jetpack_sharing_enabled":true,"_links":{"self":[{"href":"https:\/\/eldiariodesanpedro.com.ar\/sitio\/wp-json\/wp\/v2\/posts\/40861","targetHints":{"allow":["GET"]}}],"collection":[{"href":"https:\/\/eldiariodesanpedro.com.ar\/sitio\/wp-json\/wp\/v2\/posts"}],"about":[{"href":"https:\/\/eldiariodesanpedro.com.ar\/sitio\/wp-json\/wp\/v2\/types\/post"}],"author":[{"embeddable":true,"href":"https:\/\/eldiariodesanpedro.com.ar\/sitio\/wp-json\/wp\/v2\/users\/4"}],"replies":[{"embeddable":true,"href":"https:\/\/eldiariodesanpedro.com.ar\/sitio\/wp-json\/wp\/v2\/comments?post=40861"}],"version-history":[{"count":1,"href":"https:\/\/eldiariodesanpedro.com.ar\/sitio\/wp-json\/wp\/v2\/posts\/40861\/revisions"}],"predecessor-version":[{"id":40863,"href":"https:\/\/eldiariodesanpedro.com.ar\/sitio\/wp-json\/wp\/v2\/posts\/40861\/revisions\/40863"}],"wp:featuredmedia":[{"embeddable":true,"href":"https:\/\/eldiariodesanpedro.com.ar\/sitio\/wp-json\/wp\/v2\/media\/40862"}],"wp:attachment":[{"href":"https:\/\/eldiariodesanpedro.com.ar\/sitio\/wp-json\/wp\/v2\/media?parent=40861"}],"wp:term":[{"taxonomy":"category","embeddable":true,"href":"https:\/\/eldiariodesanpedro.com.ar\/sitio\/wp-json\/wp\/v2\/categories?post=40861"},{"taxonomy":"post_tag","embeddable":true,"href":"https:\/\/eldiariodesanpedro.com.ar\/sitio\/wp-json\/wp\/v2\/tags?post=40861"}],"curies":[{"name":"wp","href":"https:\/\/api.w.org\/{rel}","templated":true}]}}