{"id":40855,"date":"2018-09-25T20:19:35","date_gmt":"2018-09-25T23:19:35","guid":{"rendered":"https:\/\/eldiariodesanpedro.com.ar\/sitio\/?p=40855"},"modified":"2018-09-25T20:19:35","modified_gmt":"2018-09-25T23:19:35","slug":"san-nicolas-miles-de-fieles-en-el-35o-aniversario-del-acontecimiento-mariano","status":"publish","type":"post","link":"https:\/\/eldiariodesanpedro.com.ar\/sitio\/san-nicolas-miles-de-fieles-en-el-35o-aniversario-del-acontecimiento-mariano\/","title":{"rendered":"SAN NICOL\u00c1S: Miles de fieles en el 35\u00ba aniversario del acontecimiento mariano"},"content":{"rendered":"<p><!-- VideographyWP Plugin Message: Automatic video embedding prevented by plugin options. --><br \/>\nEl pasado lunes 17 de septiembre comenz\u00f3 la novena preparatoria por un nuevo aniversario del acontecimiento mariano de San Nicol\u00e1s, cuya fiesta central lleva por lema \u201cMar\u00eda nos anima a caminar con la Iglesia\u201d, y fue presidida este martes 25 por el obispo de San Nicol\u00e1s de los Arroyos, monse\u00f1or Hugo Norberto Santiago.<\/p>\n<p>  Ayer a las 17:00 hs hubo una misa para los peregrinos que llegaron a pie desde Mendoza y a las 19, para los que arribaron desde Buenos Aires.<br \/>\n  A las 21 hs comenz\u00f3 la vigilia de oraci\u00f3n en el Campito, donde lleg\u00f3 la peregrinaci\u00f3n que trae a Jes\u00fas Eucarist\u00eda desde el santuario de la Emilia. Tambi\u00e9n se recibi\u00f3 all\u00ed la imagen de San Nicol\u00e1s de Bari, patrono de la di\u00f3cesis.<br \/>\n  A la hora cero, monse\u00f1or Santiago celebr\u00f3 la primera Misa de la jornada con la consigna \u201cCon Mar\u00eda anunciamos que toda vida vale\u201d, con la presencia de miles de fieles que vinieron a cantarle el Feliz cumplea\u00f1os a la Virgen desde distintas partes del pa\u00eds y pa\u00edses lim\u00edtrofes.<br \/>\n  De 2 a 5 de la ma\u00f1ana hubo noche de oraci\u00f3n en el interior del templo y, de 6 a 13 hs y de 19 a 21 hs, se celebraron misas.<br \/>\n  A las 14 hs comenz\u00f3 la adoraci\u00f3n eucar\u00edstica en el atrio del templo y a las 15 se realiz\u00f3 la procesi\u00f3n por las calles del barrio, para finalizar en el campito con la misa central, que presidi\u00f3 el prelado local. <\/p>\n<p>Fuente: Diario El Informante<\/p>\n","protected":false},"excerpt":{"rendered":"<p>El pasado lunes 17 de septiembre comenz\u00f3 la novena preparatoria por un nuevo aniversario del acontecimiento mariano de San Nicol\u00e1s, cuya fiesta central lleva por lema \u201cMar\u00eda nos anima a caminar con la Iglesia\u201d, y fue presidida este martes 25 por el obispo de San Nicol\u00e1s de los Arroyos, monse\u00f1or Hugo Norberto Santiago. Ayer a [&hellip;]<\/p>\n","protected":false},"author":4,"featured_media":40857,"comment_status":"open","ping_status":"closed","sticky":false,"template":"","format":"standard","meta":{"om_disable_all_campaigns":false,"_jetpack_memberships_contains_paid_content":false,"footnotes":""},"categories":[621],"tags":[],"class_list":["post-40855","post","type-post","status-publish","format-standard","has-post-thumbnail","hentry","category-regionales"],"aioseo_notices":[],"gutentor_comment":0,"jetpack_featured_media_url":"https:\/\/eldiariodesanpedro.com.ar\/sitio\/wp-content\/uploads\/2018\/09\/Miles-de-fieles-en-el-35\u00ba-aniversario-del-acontecimiento-mariano.jpg","jetpack_shortlink":"https:\/\/wp.me\/p6RhLt-aCX","jetpack_sharing_enabled":true,"_links":{"self":[{"href":"https:\/\/eldiariodesanpedro.com.ar\/sitio\/wp-json\/wp\/v2\/posts\/40855","targetHints":{"allow":["GET"]}}],"collection":[{"href":"https:\/\/eldiariodesanpedro.com.ar\/sitio\/wp-json\/wp\/v2\/posts"}],"about":[{"href":"https:\/\/eldiariodesanpedro.com.ar\/sitio\/wp-json\/wp\/v2\/types\/post"}],"author":[{"embeddable":true,"href":"https:\/\/eldiariodesanpedro.com.ar\/sitio\/wp-json\/wp\/v2\/users\/4"}],"replies":[{"embeddable":true,"href":"https:\/\/eldiariodesanpedro.com.ar\/sitio\/wp-json\/wp\/v2\/comments?post=40855"}],"version-history":[{"count":1,"href":"https:\/\/eldiariodesanpedro.com.ar\/sitio\/wp-json\/wp\/v2\/posts\/40855\/revisions"}],"predecessor-version":[{"id":40859,"href":"https:\/\/eldiariodesanpedro.com.ar\/sitio\/wp-json\/wp\/v2\/posts\/40855\/revisions\/40859"}],"wp:featuredmedia":[{"embeddable":true,"href":"https:\/\/eldiariodesanpedro.com.ar\/sitio\/wp-json\/wp\/v2\/media\/40857"}],"wp:attachment":[{"href":"https:\/\/eldiariodesanpedro.com.ar\/sitio\/wp-json\/wp\/v2\/media?parent=40855"}],"wp:term":[{"taxonomy":"category","embeddable":true,"href":"https:\/\/eldiariodesanpedro.com.ar\/sitio\/wp-json\/wp\/v2\/categories?post=40855"},{"taxonomy":"post_tag","embeddable":true,"href":"https:\/\/eldiariodesanpedro.com.ar\/sitio\/wp-json\/wp\/v2\/tags?post=40855"}],"curies":[{"name":"wp","href":"https:\/\/api.w.org\/{rel}","templated":true}]}}