{"id":40849,"date":"2018-09-25T20:15:56","date_gmt":"2018-09-25T23:15:56","guid":{"rendered":"https:\/\/eldiariodesanpedro.com.ar\/sitio\/?p=40849"},"modified":"2018-09-25T20:15:56","modified_gmt":"2018-09-25T23:15:56","slug":"el-bombero-alejandro-garcia-participa-de-una-capacitacion-internacional","status":"publish","type":"post","link":"https:\/\/eldiariodesanpedro.com.ar\/sitio\/el-bombero-alejandro-garcia-participa-de-una-capacitacion-internacional\/","title":{"rendered":"El bombero Alejandro Garc\u00eda participa de una capacitaci\u00f3n internacional"},"content":{"rendered":"<p><!-- VideographyWP Plugin Message: Automatic video embedding prevented by plugin options. --><br \/>\nForma parte del cuerpo activo de los Bomberos Voluntarios de San Pedro y fue uno de los dos argentinos elegidos para participar del instructivo en Costa Rica. <\/p>\n<p>  La Asociaci\u00f3n de Bomberos Voluntarios de San Pedro informa que en el marco de las jornadas internacionales de capacitaci\u00f3n para brigadistas especializados en trabajos en grandes cat\u00e1strofes, se ha designado al suboficial Alejandro Garc\u00eda para que sea uno de los dos argentinos en participar de dicho instructivo.<br \/>\n  Las actividades dieron comienzo el domingo y son organizadas por las Naciones Unidas, se desarrollan en la Ciudad de San Jos\u00e9 de Costa Rica y concluyen el 27 de septiembre.<br \/>\n  La capacitaci\u00f3n cuenta con el respaldo y acompa\u00f1amiento de la Canciller\u00eda Argentina y el Consejo Nacional de Bomberos Voluntarios de la Rep\u00fablica Argentina.<br \/>\n  Es un orgullo y satisfacci\u00f3n que exista un sampedrino formando parte de tan importante actividad, y m\u00e1s a\u00fan cuando solo dos Bomberos Voluntarios de todo el pa\u00eds fueran los seleccionados.<br \/>\n  La capacitaci\u00f3n y formaci\u00f3n del personal es lo primordial para poder brindar el mejor de los servicios, toda vez que la comunidad lo requiera.<br \/>\n  Ejemplo como los de Alejandro, no son aislados, permanentemente el personal participa en cursos nacionales e internacionales, designados por las m\u00e1ximas autoridades del sistema, las cuales siempre destacan el profesionalismo de los Bomberos Voluntarios de San Pedro.<\/p>\n<p>Fuente: San Pedro Informa<\/p>\n","protected":false},"excerpt":{"rendered":"<p>Forma parte del cuerpo activo de los Bomberos Voluntarios de San Pedro y fue uno de los dos argentinos elegidos para participar del instructivo en Costa Rica. La Asociaci\u00f3n de Bomberos Voluntarios de San Pedro informa que en el marco de las jornadas internacionales de capacitaci\u00f3n para brigadistas especializados en trabajos en grandes cat\u00e1strofes, se [&hellip;]<\/p>\n","protected":false},"author":4,"featured_media":40853,"comment_status":"open","ping_status":"closed","sticky":false,"template":"","format":"standard","meta":{"om_disable_all_campaigns":false,"_jetpack_memberships_contains_paid_content":false,"footnotes":""},"categories":[101,2],"tags":[],"class_list":["post-40849","post","type-post","status-publish","format-standard","has-post-thumbnail","hentry","category-interes-general-locales","category-locales"],"aioseo_notices":[],"gutentor_comment":0,"jetpack_featured_media_url":"https:\/\/eldiariodesanpedro.com.ar\/sitio\/wp-content\/uploads\/2018\/09\/El-suboficial-Alejandro-Garc\u00eda.jpg","jetpack_shortlink":"https:\/\/wp.me\/p6RhLt-aCR","jetpack_sharing_enabled":true,"_links":{"self":[{"href":"https:\/\/eldiariodesanpedro.com.ar\/sitio\/wp-json\/wp\/v2\/posts\/40849","targetHints":{"allow":["GET"]}}],"collection":[{"href":"https:\/\/eldiariodesanpedro.com.ar\/sitio\/wp-json\/wp\/v2\/posts"}],"about":[{"href":"https:\/\/eldiariodesanpedro.com.ar\/sitio\/wp-json\/wp\/v2\/types\/post"}],"author":[{"embeddable":true,"href":"https:\/\/eldiariodesanpedro.com.ar\/sitio\/wp-json\/wp\/v2\/users\/4"}],"replies":[{"embeddable":true,"href":"https:\/\/eldiariodesanpedro.com.ar\/sitio\/wp-json\/wp\/v2\/comments?post=40849"}],"version-history":[{"count":1,"href":"https:\/\/eldiariodesanpedro.com.ar\/sitio\/wp-json\/wp\/v2\/posts\/40849\/revisions"}],"predecessor-version":[{"id":40854,"href":"https:\/\/eldiariodesanpedro.com.ar\/sitio\/wp-json\/wp\/v2\/posts\/40849\/revisions\/40854"}],"wp:featuredmedia":[{"embeddable":true,"href":"https:\/\/eldiariodesanpedro.com.ar\/sitio\/wp-json\/wp\/v2\/media\/40853"}],"wp:attachment":[{"href":"https:\/\/eldiariodesanpedro.com.ar\/sitio\/wp-json\/wp\/v2\/media?parent=40849"}],"wp:term":[{"taxonomy":"category","embeddable":true,"href":"https:\/\/eldiariodesanpedro.com.ar\/sitio\/wp-json\/wp\/v2\/categories?post=40849"},{"taxonomy":"post_tag","embeddable":true,"href":"https:\/\/eldiariodesanpedro.com.ar\/sitio\/wp-json\/wp\/v2\/tags?post=40849"}],"curies":[{"name":"wp","href":"https:\/\/api.w.org\/{rel}","templated":true}]}}