{"id":40848,"date":"2018-09-25T20:14:40","date_gmt":"2018-09-25T23:14:40","guid":{"rendered":"https:\/\/eldiariodesanpedro.com.ar\/sitio\/?p=40848"},"modified":"2018-09-25T20:14:40","modified_gmt":"2018-09-25T23:14:40","slug":"la-dra-basso-asume-como-directora-de-personal","status":"publish","type":"post","link":"https:\/\/eldiariodesanpedro.com.ar\/sitio\/la-dra-basso-asume-como-directora-de-personal\/","title":{"rendered":"La Dra. Basso asume como Directora de Personal"},"content":{"rendered":"<p><!-- VideographyWP Plugin Message: Automatic video embedding prevented by plugin options. --><br \/>\nTal cual lo adelantado por FM G\u00e9nesis, la profesional regresa a un cargo p\u00fablico que tambi\u00e9n tendr\u00e1 injerencia en el \u00e1mbito administrativo del Municipio. Abat\u00e1ngelo solicit\u00f3 regresar a Rentas.<\/p>\n<p>  Despu\u00e9s de varias charlas y an\u00e1lisis la abogada Paola Basso acept\u00f3 la propuesta y se har\u00e1 cargo de la Direcci\u00f3n de Personal de la Municipalidad de San Pedro tras la salida de Rolando Gamietea. La profesional regresa as\u00ed a la funci\u00f3n p\u00fablica, ya que anteriormente se desempe\u00f1\u00f3 como asesora letrada del Municipio en parte de las gestiones de Mario Barbieri y Pablo Guacone.<br \/>\n  Seg\u00fan explic\u00f3 el propio Intendente Cecilio Salazar a San Pedro Informa, la Dra. Basso tendr\u00e1 participaci\u00f3n tambi\u00e9n en la parte administrativa y una interacci\u00f3n con la Direcci\u00f3n de Modernizaci\u00f3n.<br \/>\n  Por otra parte, tambi\u00e9n se supo que el contador Hern\u00e1n Abat\u00e1ngelo, quien se viene desempe\u00f1ando interinamente en la Secretar\u00eda de Hacienda, solicit\u00f3 a sus superiores regresar a su \u00e1rea original, Rentas. El primer nombre que son\u00f3 para asumir en el cargo que originariamente pertenece al Dr. Mario S\u00e1nchez Negrete, fue el del actual Juez de Faltas Fabi\u00e1n Rodr\u00edguez, pero no todos est\u00e1n conformes con que se d\u00e9 el cambio ya que el desempe\u00f1o de Rodr\u00edguez en el Juzgado es altamente satisfactorio y no ser\u00e1 muy sencillo encontrarle reemplazante.<\/p>\n<p>Fuente: San Pedro Informa<\/p>\n","protected":false},"excerpt":{"rendered":"<p>Tal cual lo adelantado por FM G\u00e9nesis, la profesional regresa a un cargo p\u00fablico que tambi\u00e9n tendr\u00e1 injerencia en el \u00e1mbito administrativo del Municipio. Abat\u00e1ngelo solicit\u00f3 regresar a Rentas. Despu\u00e9s de varias charlas y an\u00e1lisis la abogada Paola Basso acept\u00f3 la propuesta y se har\u00e1 cargo de la Direcci\u00f3n de Personal de la Municipalidad de [&hellip;]<\/p>\n","protected":false},"author":4,"featured_media":40851,"comment_status":"open","ping_status":"closed","sticky":false,"template":"","format":"standard","meta":{"om_disable_all_campaigns":false,"_jetpack_memberships_contains_paid_content":false,"footnotes":""},"categories":[2,102],"tags":[],"class_list":["post-40848","post","type-post","status-publish","format-standard","has-post-thumbnail","hentry","category-locales","category-politica-locales"],"aioseo_notices":[],"gutentor_comment":0,"jetpack_featured_media_url":"https:\/\/eldiariodesanpedro.com.ar\/sitio\/wp-content\/uploads\/2018\/09\/Dra-Paola-Basso.jpg","jetpack_shortlink":"https:\/\/wp.me\/p6RhLt-aCQ","jetpack_sharing_enabled":true,"_links":{"self":[{"href":"https:\/\/eldiariodesanpedro.com.ar\/sitio\/wp-json\/wp\/v2\/posts\/40848","targetHints":{"allow":["GET"]}}],"collection":[{"href":"https:\/\/eldiariodesanpedro.com.ar\/sitio\/wp-json\/wp\/v2\/posts"}],"about":[{"href":"https:\/\/eldiariodesanpedro.com.ar\/sitio\/wp-json\/wp\/v2\/types\/post"}],"author":[{"embeddable":true,"href":"https:\/\/eldiariodesanpedro.com.ar\/sitio\/wp-json\/wp\/v2\/users\/4"}],"replies":[{"embeddable":true,"href":"https:\/\/eldiariodesanpedro.com.ar\/sitio\/wp-json\/wp\/v2\/comments?post=40848"}],"version-history":[{"count":1,"href":"https:\/\/eldiariodesanpedro.com.ar\/sitio\/wp-json\/wp\/v2\/posts\/40848\/revisions"}],"predecessor-version":[{"id":40852,"href":"https:\/\/eldiariodesanpedro.com.ar\/sitio\/wp-json\/wp\/v2\/posts\/40848\/revisions\/40852"}],"wp:featuredmedia":[{"embeddable":true,"href":"https:\/\/eldiariodesanpedro.com.ar\/sitio\/wp-json\/wp\/v2\/media\/40851"}],"wp:attachment":[{"href":"https:\/\/eldiariodesanpedro.com.ar\/sitio\/wp-json\/wp\/v2\/media?parent=40848"}],"wp:term":[{"taxonomy":"category","embeddable":true,"href":"https:\/\/eldiariodesanpedro.com.ar\/sitio\/wp-json\/wp\/v2\/categories?post=40848"},{"taxonomy":"post_tag","embeddable":true,"href":"https:\/\/eldiariodesanpedro.com.ar\/sitio\/wp-json\/wp\/v2\/tags?post=40848"}],"curies":[{"name":"wp","href":"https:\/\/api.w.org\/{rel}","templated":true}]}}