{"id":40841,"date":"2018-09-25T10:40:17","date_gmt":"2018-09-25T13:40:17","guid":{"rendered":"https:\/\/eldiariodesanpedro.com.ar\/sitio\/?p=40841"},"modified":"2018-09-25T10:40:17","modified_gmt":"2018-09-25T13:40:17","slug":"ate-respondio-a-salazar","status":"publish","type":"post","link":"https:\/\/eldiariodesanpedro.com.ar\/sitio\/ate-respondio-a-salazar\/","title":{"rendered":"ATE respondio a Salazar"},"content":{"rendered":"<p><!-- VideographyWP Plugin Message: Automatic video embedding prevented by plugin options. --><br \/>\nEn la noche del lunes el Jefe Comunal envi\u00f3 un comunicado a los medios de comunicacion, dirigi\u00e9ndose a los trabajadores Municipales insistiendo con su postura de no parar \u00abel trabajo se defiende trabajando\u00bb expresaba. Desde ATE salieron al cruce contestando con otro comunicado:<\/p>\n<p>\u00abLos trabajadores\/as municipales, as\u00ed como el resto de los trabajadores\/as argentinos, paramos para manifestar que no estamos de acuerdo con seguir siendo la variable de ajuste de la pol\u00edtica econ\u00f3mica del gobierno. El aporte a la paz general que pide el intendente se hace generando trabajo, no justamente con f\u00e1bricas y comercios que deben cerrar sus puertas por no tener a quien vender sus productos y\/o servicios. Tal vez los pol\u00edticos se aprovechan de estas situaciones para prometer salidas milagrosas que nunca se concretan y que ya nadie cree, pero este paro general sobrepasa a cualquier intencionalidad pol\u00edtica partidaria. Probablemente el intendente habla por experiencia cuando se refiere  \u201cADELANTAR LA CAMPA\u00d1A pol\u00edtica utilizando a los trabajadores\u201d. <\/p>\n<p>\u00abEntendemos que es necesario trabajar m\u00e1s que nunca para sacar el pa\u00eds adelante, pero es fundamental que los sueldos sean dignos. Los trabajadores\/as no compramos lebacs ni invertimos en la timba financiera, gastamos nuestros sueldos en los negocios del barrio generando el consumo necesario para que funcione la econom\u00eda. En los \u00faltimos a\u00f1os el poder adquisitivo cay\u00f3 estrepitosamente con los resultados que vemos en la actualidad: despidos, trabajadores precarizados, aumento de la pobreza, cierre de industrias y comercios, etc; mientras un grupo concentrado de nuestro pa\u00eds se hace cada vez m\u00e1s rico\u00bb.<\/p>\n<p>\u00abSostenemos m\u00e1s que nunca la necesidad de expresarnos haciendo medidas de fuerza que consideremos necesario y exigir el cambio de rumbo en la pol\u00edtica econ\u00f3mica, ya conocemos el resultado de esta receta, no esperemos llegar a otro destino si vamos por el mismo camino\u00bb.<\/p>\n<p>PARO ACTIVO Y MOVILIZACI\u00d3N<\/p>\n","protected":false},"excerpt":{"rendered":"<p>En la noche del lunes el Jefe Comunal envi\u00f3 un comunicado a los medios de comunicacion, dirigi\u00e9ndose a los trabajadores Municipales insistiendo con su postura de no parar \u00abel trabajo se defiende trabajando\u00bb expresaba. Desde ATE salieron al cruce contestando con otro comunicado: \u00abLos trabajadores\/as municipales, as\u00ed como el resto de los trabajadores\/as argentinos, paramos [&hellip;]<\/p>\n","protected":false},"author":4,"featured_media":40842,"comment_status":"open","ping_status":"closed","sticky":false,"template":"","format":"standard","meta":{"om_disable_all_campaigns":false,"_jetpack_memberships_contains_paid_content":false,"footnotes":""},"categories":[50,101,2],"tags":[],"class_list":["post-40841","post","type-post","status-publish","format-standard","has-post-thumbnail","hentry","category-destacadas","category-interes-general-locales","category-locales"],"aioseo_notices":[],"gutentor_comment":0,"jetpack_featured_media_url":"https:\/\/eldiariodesanpedro.com.ar\/sitio\/wp-content\/uploads\/2018\/09\/corte-de-ruta-san-pedro-ate-300x300-1200x762_c.jpg","jetpack_shortlink":"https:\/\/wp.me\/p6RhLt-aCJ","jetpack_sharing_enabled":true,"_links":{"self":[{"href":"https:\/\/eldiariodesanpedro.com.ar\/sitio\/wp-json\/wp\/v2\/posts\/40841","targetHints":{"allow":["GET"]}}],"collection":[{"href":"https:\/\/eldiariodesanpedro.com.ar\/sitio\/wp-json\/wp\/v2\/posts"}],"about":[{"href":"https:\/\/eldiariodesanpedro.com.ar\/sitio\/wp-json\/wp\/v2\/types\/post"}],"author":[{"embeddable":true,"href":"https:\/\/eldiariodesanpedro.com.ar\/sitio\/wp-json\/wp\/v2\/users\/4"}],"replies":[{"embeddable":true,"href":"https:\/\/eldiariodesanpedro.com.ar\/sitio\/wp-json\/wp\/v2\/comments?post=40841"}],"version-history":[{"count":1,"href":"https:\/\/eldiariodesanpedro.com.ar\/sitio\/wp-json\/wp\/v2\/posts\/40841\/revisions"}],"predecessor-version":[{"id":40843,"href":"https:\/\/eldiariodesanpedro.com.ar\/sitio\/wp-json\/wp\/v2\/posts\/40841\/revisions\/40843"}],"wp:featuredmedia":[{"embeddable":true,"href":"https:\/\/eldiariodesanpedro.com.ar\/sitio\/wp-json\/wp\/v2\/media\/40842"}],"wp:attachment":[{"href":"https:\/\/eldiariodesanpedro.com.ar\/sitio\/wp-json\/wp\/v2\/media?parent=40841"}],"wp:term":[{"taxonomy":"category","embeddable":true,"href":"https:\/\/eldiariodesanpedro.com.ar\/sitio\/wp-json\/wp\/v2\/categories?post=40841"},{"taxonomy":"post_tag","embeddable":true,"href":"https:\/\/eldiariodesanpedro.com.ar\/sitio\/wp-json\/wp\/v2\/tags?post=40841"}],"curies":[{"name":"wp","href":"https:\/\/api.w.org\/{rel}","templated":true}]}}