{"id":40836,"date":"2018-09-25T09:10:11","date_gmt":"2018-09-25T12:10:11","guid":{"rendered":"https:\/\/eldiariodesanpedro.com.ar\/sitio\/?p=40836"},"modified":"2018-09-25T09:10:11","modified_gmt":"2018-09-25T12:10:11","slug":"segunda-jornada-de-paro-general-hoy-corte-de-ruta-y-movilizacion-en-san-pedro","status":"publish","type":"post","link":"https:\/\/eldiariodesanpedro.com.ar\/sitio\/segunda-jornada-de-paro-general-hoy-corte-de-ruta-y-movilizacion-en-san-pedro\/","title":{"rendered":"Segunda Jornada de Paro General, hoy corte de Ruta y Movilizaci\u00f3n en San Pedro"},"content":{"rendered":"<p><!-- VideographyWP Plugin Message: Automatic video embedding prevented by plugin options. --><br \/>\nEn una jornada de protesta contra las pol\u00edticas del Gobierno de Mauricio Macri, hay cortes de ruta en todo el pa\u00eds, con r\u00e9plicas en la ciudad de San Pedro, en los accesos a la ciudad. <\/p>\n<p>Hoy San Pedro sufre el cierre de dos Fabricas, de dos fuentes de trabajo, Coplac con el despido de casi 90 personas y Pl\u00e1sticos Saladino con el cierre hace dos d\u00edas donde dejo en la calle a 15 personas.<\/p>\n<p>En este marco, distintos sectores convocados por la CGT, la CTA y la CTA Aut\u00f3noma, marchar\u00e1n esta tarde, desde las 18.00, concentr\u00e1ndose en la Peatonal, para movilizar hasta la Municipalidad, luego en una caravana se acercaran hasta la Fabrica Coplac por la Unidad de los Trabajadores. <\/p>\n","protected":false},"excerpt":{"rendered":"<p>En una jornada de protesta contra las pol\u00edticas del Gobierno de Mauricio Macri, hay cortes de ruta en todo el pa\u00eds, con r\u00e9plicas en la ciudad de San Pedro, en los accesos a la ciudad. Hoy San Pedro sufre el cierre de dos Fabricas, de dos fuentes de trabajo, Coplac con el despido de casi [&hellip;]<\/p>\n","protected":false},"author":4,"featured_media":40838,"comment_status":"open","ping_status":"closed","sticky":false,"template":"","format":"standard","meta":{"om_disable_all_campaigns":false,"_jetpack_memberships_contains_paid_content":false,"footnotes":""},"categories":[50,101,2],"tags":[],"class_list":["post-40836","post","type-post","status-publish","format-standard","has-post-thumbnail","hentry","category-destacadas","category-interes-general-locales","category-locales"],"aioseo_notices":[],"gutentor_comment":0,"jetpack_featured_media_url":"https:\/\/eldiariodesanpedro.com.ar\/sitio\/wp-content\/uploads\/2018\/09\/WhatsApp-Image-2018-09-24-at-23.17.03.jpeg","jetpack_shortlink":"https:\/\/wp.me\/p6RhLt-aCE","jetpack_sharing_enabled":true,"_links":{"self":[{"href":"https:\/\/eldiariodesanpedro.com.ar\/sitio\/wp-json\/wp\/v2\/posts\/40836","targetHints":{"allow":["GET"]}}],"collection":[{"href":"https:\/\/eldiariodesanpedro.com.ar\/sitio\/wp-json\/wp\/v2\/posts"}],"about":[{"href":"https:\/\/eldiariodesanpedro.com.ar\/sitio\/wp-json\/wp\/v2\/types\/post"}],"author":[{"embeddable":true,"href":"https:\/\/eldiariodesanpedro.com.ar\/sitio\/wp-json\/wp\/v2\/users\/4"}],"replies":[{"embeddable":true,"href":"https:\/\/eldiariodesanpedro.com.ar\/sitio\/wp-json\/wp\/v2\/comments?post=40836"}],"version-history":[{"count":1,"href":"https:\/\/eldiariodesanpedro.com.ar\/sitio\/wp-json\/wp\/v2\/posts\/40836\/revisions"}],"predecessor-version":[{"id":40839,"href":"https:\/\/eldiariodesanpedro.com.ar\/sitio\/wp-json\/wp\/v2\/posts\/40836\/revisions\/40839"}],"wp:featuredmedia":[{"embeddable":true,"href":"https:\/\/eldiariodesanpedro.com.ar\/sitio\/wp-json\/wp\/v2\/media\/40838"}],"wp:attachment":[{"href":"https:\/\/eldiariodesanpedro.com.ar\/sitio\/wp-json\/wp\/v2\/media?parent=40836"}],"wp:term":[{"taxonomy":"category","embeddable":true,"href":"https:\/\/eldiariodesanpedro.com.ar\/sitio\/wp-json\/wp\/v2\/categories?post=40836"},{"taxonomy":"post_tag","embeddable":true,"href":"https:\/\/eldiariodesanpedro.com.ar\/sitio\/wp-json\/wp\/v2\/tags?post=40836"}],"curies":[{"name":"wp","href":"https:\/\/api.w.org\/{rel}","templated":true}]}}