{"id":40834,"date":"2018-09-25T08:56:19","date_gmt":"2018-09-25T11:56:19","guid":{"rendered":"https:\/\/eldiariodesanpedro.com.ar\/sitio\/?p=40834"},"modified":"2018-09-25T08:56:19","modified_gmt":"2018-09-25T11:56:19","slug":"un-congregante-fue-a-mirar-el-clasico-al-bar-y-fue-agredido-por-espectadores","status":"publish","type":"post","link":"https:\/\/eldiariodesanpedro.com.ar\/sitio\/un-congregante-fue-a-mirar-el-clasico-al-bar-y-fue-agredido-por-espectadores\/","title":{"rendered":"Un Congregante fue a mirar el cl\u00e1sico al bar y fue agredido por espectadores"},"content":{"rendered":"<p><!-- VideographyWP Plugin Message: Automatic video embedding prevented by plugin options. --><br \/>\nEl hecho ocurri\u00f3 en la localidad vecina de Gobernador Castro, cuando en la noche del domingo, un congregante de una iglesia vestido de parroquino ingreso a un bar a mirar el cl\u00e1sico Boca vs River y fue agredido por personas que se encontraban all\u00ed.<\/p>\n<p>En el Destacamento de Gobernador Castro, se toma conocimiento un d\u00eda despu\u00e9s, cuando la victima, que reside en esa localidad, decide ratificar la denuncia tras haber sufrido lesiones por resultar agredido por tres sujetos a los que desconoce, en circunstancias que se dirig\u00eda a su domicilio, tras haber concurrido como parroquiano a un bar de esa localidad a mirar partido de f\u00fatbol.<\/p>\n<p>Investiga el hecho la fiscal\u00eda en turno de San Pedro<\/p>\n","protected":false},"excerpt":{"rendered":"<p>El hecho ocurri\u00f3 en la localidad vecina de Gobernador Castro, cuando en la noche del domingo, un congregante de una iglesia vestido de parroquino ingreso a un bar a mirar el cl\u00e1sico Boca vs River y fue agredido por personas que se encontraban all\u00ed. En el Destacamento de Gobernador Castro, se toma conocimiento un d\u00eda [&hellip;]<\/p>\n","protected":false},"author":4,"featured_media":26677,"comment_status":"open","ping_status":"closed","sticky":false,"template":"","format":"standard","meta":{"om_disable_all_campaigns":false,"_jetpack_memberships_contains_paid_content":false,"footnotes":""},"categories":[2,103],"tags":[],"class_list":["post-40834","post","type-post","status-publish","format-standard","has-post-thumbnail","hentry","category-locales","category-policiales-locales"],"aioseo_notices":[],"gutentor_comment":0,"jetpack_featured_media_url":"https:\/\/eldiariodesanpedro.com.ar\/sitio\/wp-content\/uploads\/2017\/12\/patrullas-policia-noche.jpg","jetpack_shortlink":"https:\/\/wp.me\/p6RhLt-aCC","jetpack_sharing_enabled":true,"_links":{"self":[{"href":"https:\/\/eldiariodesanpedro.com.ar\/sitio\/wp-json\/wp\/v2\/posts\/40834","targetHints":{"allow":["GET"]}}],"collection":[{"href":"https:\/\/eldiariodesanpedro.com.ar\/sitio\/wp-json\/wp\/v2\/posts"}],"about":[{"href":"https:\/\/eldiariodesanpedro.com.ar\/sitio\/wp-json\/wp\/v2\/types\/post"}],"author":[{"embeddable":true,"href":"https:\/\/eldiariodesanpedro.com.ar\/sitio\/wp-json\/wp\/v2\/users\/4"}],"replies":[{"embeddable":true,"href":"https:\/\/eldiariodesanpedro.com.ar\/sitio\/wp-json\/wp\/v2\/comments?post=40834"}],"version-history":[{"count":1,"href":"https:\/\/eldiariodesanpedro.com.ar\/sitio\/wp-json\/wp\/v2\/posts\/40834\/revisions"}],"predecessor-version":[{"id":40835,"href":"https:\/\/eldiariodesanpedro.com.ar\/sitio\/wp-json\/wp\/v2\/posts\/40834\/revisions\/40835"}],"wp:featuredmedia":[{"embeddable":true,"href":"https:\/\/eldiariodesanpedro.com.ar\/sitio\/wp-json\/wp\/v2\/media\/26677"}],"wp:attachment":[{"href":"https:\/\/eldiariodesanpedro.com.ar\/sitio\/wp-json\/wp\/v2\/media?parent=40834"}],"wp:term":[{"taxonomy":"category","embeddable":true,"href":"https:\/\/eldiariodesanpedro.com.ar\/sitio\/wp-json\/wp\/v2\/categories?post=40834"},{"taxonomy":"post_tag","embeddable":true,"href":"https:\/\/eldiariodesanpedro.com.ar\/sitio\/wp-json\/wp\/v2\/tags?post=40834"}],"curies":[{"name":"wp","href":"https:\/\/api.w.org\/{rel}","templated":true}]}}