{"id":40831,"date":"2018-09-25T08:38:36","date_gmt":"2018-09-25T11:38:36","guid":{"rendered":"https:\/\/eldiariodesanpedro.com.ar\/sitio\/?p=40831"},"modified":"2018-09-25T08:38:36","modified_gmt":"2018-09-25T11:38:36","slug":"se-secuestran-armas-a-traves-de-allanamientos","status":"publish","type":"post","link":"https:\/\/eldiariodesanpedro.com.ar\/sitio\/se-secuestran-armas-a-traves-de-allanamientos\/","title":{"rendered":"Se secuestran armas a trav\u00e9s de allanamientos"},"content":{"rendered":"<p><!-- VideographyWP Plugin Message: Automatic video embedding prevented by plugin options. --><br \/>\nEn la noche del lunes, personal policial tras averiguaciones por un hecho de abuso de armas acaecido el pasado viernes 21 de Septiembre, en horas de la noche en el barrio 2 de abril, donde resultara lesionado por herida de arma de fuego un hombre de 37 a\u00f1os de edad.<\/p>\n<p>Personal del gabinete criminologico de la comisaria se aboco a distintas tareas que condujeron al pedido de allanamiento a la fiscal\u00eda local en turno, las que fueron extendidas para dos domicilios en inmediaciones del referido barrio y lugar del hecho.<\/p>\n<p>Luego fueron diligenciadas en la tarde noche del lunes y despu\u00e9s de horas terminar junto con personal de DDI local, arrojando resultado positivo secuestr\u00e1ndose un arma de fuego de guerra y cartucher\u00eda aprehendi\u00e9ndose al morador de la vivienda un ciudadano mayor de edad quedando alojado en la sede policial, a disposici\u00f3n de la Fiscalia en turno de san pedro.<\/p>\n","protected":false},"excerpt":{"rendered":"<p>En la noche del lunes, personal policial tras averiguaciones por un hecho de abuso de armas acaecido el pasado viernes 21 de Septiembre, en horas de la noche en el barrio 2 de abril, donde resultara lesionado por herida de arma de fuego un hombre de 37 a\u00f1os de edad. Personal del gabinete criminologico de [&hellip;]<\/p>\n","protected":false},"author":4,"featured_media":40832,"comment_status":"open","ping_status":"closed","sticky":false,"template":"","format":"standard","meta":{"om_disable_all_campaigns":false,"_jetpack_memberships_contains_paid_content":false,"footnotes":""},"categories":[50,2,103],"tags":[],"class_list":["post-40831","post","type-post","status-publish","format-standard","has-post-thumbnail","hentry","category-destacadas","category-locales","category-policiales-locales"],"aioseo_notices":[],"gutentor_comment":0,"jetpack_featured_media_url":"https:\/\/eldiariodesanpedro.com.ar\/sitio\/wp-content\/uploads\/2018\/09\/WhatsApp-Image-2018-09-24-at-21.22.28.jpeg","jetpack_shortlink":"https:\/\/wp.me\/p6RhLt-aCz","jetpack_sharing_enabled":true,"_links":{"self":[{"href":"https:\/\/eldiariodesanpedro.com.ar\/sitio\/wp-json\/wp\/v2\/posts\/40831","targetHints":{"allow":["GET"]}}],"collection":[{"href":"https:\/\/eldiariodesanpedro.com.ar\/sitio\/wp-json\/wp\/v2\/posts"}],"about":[{"href":"https:\/\/eldiariodesanpedro.com.ar\/sitio\/wp-json\/wp\/v2\/types\/post"}],"author":[{"embeddable":true,"href":"https:\/\/eldiariodesanpedro.com.ar\/sitio\/wp-json\/wp\/v2\/users\/4"}],"replies":[{"embeddable":true,"href":"https:\/\/eldiariodesanpedro.com.ar\/sitio\/wp-json\/wp\/v2\/comments?post=40831"}],"version-history":[{"count":1,"href":"https:\/\/eldiariodesanpedro.com.ar\/sitio\/wp-json\/wp\/v2\/posts\/40831\/revisions"}],"predecessor-version":[{"id":40833,"href":"https:\/\/eldiariodesanpedro.com.ar\/sitio\/wp-json\/wp\/v2\/posts\/40831\/revisions\/40833"}],"wp:featuredmedia":[{"embeddable":true,"href":"https:\/\/eldiariodesanpedro.com.ar\/sitio\/wp-json\/wp\/v2\/media\/40832"}],"wp:attachment":[{"href":"https:\/\/eldiariodesanpedro.com.ar\/sitio\/wp-json\/wp\/v2\/media?parent=40831"}],"wp:term":[{"taxonomy":"category","embeddable":true,"href":"https:\/\/eldiariodesanpedro.com.ar\/sitio\/wp-json\/wp\/v2\/categories?post=40831"},{"taxonomy":"post_tag","embeddable":true,"href":"https:\/\/eldiariodesanpedro.com.ar\/sitio\/wp-json\/wp\/v2\/tags?post=40831"}],"curies":[{"name":"wp","href":"https:\/\/api.w.org\/{rel}","templated":true}]}}