{"id":40829,"date":"2018-09-25T08:24:24","date_gmt":"2018-09-25T11:24:24","guid":{"rendered":"https:\/\/eldiariodesanpedro.com.ar\/sitio\/?p=40829"},"modified":"2018-09-25T08:24:24","modified_gmt":"2018-09-25T11:24:24","slug":"paro-general-el-intendente-envio-una-nota-el-trabajo-se-defiende-trabajando","status":"publish","type":"post","link":"https:\/\/eldiariodesanpedro.com.ar\/sitio\/paro-general-el-intendente-envio-una-nota-el-trabajo-se-defiende-trabajando\/","title":{"rendered":"Paro General: El Intendente envi\u00f3 una nota \u00abEl trabajo se defiende trabajando\u00bb"},"content":{"rendered":"<p><!-- VideographyWP Plugin Message: Automatic video embedding prevented by plugin options. --><br \/>\nEn una nota enviada a los medios, le hablo a los trabajadores Municipales: \u00abParar, en este momento, no nos acerca a la gente\u00bb y habl\u00f3 de campa\u00f1a pol\u00edtica adelantada, por parte de los sindicatos que \u00abutilizan a los trabajadores\u00bb a tal fin.<\/p>\n<p>En la nota el Jefe Comunal expreso:<\/p>\n<p>El trabajo se defiende trabajando&#8230;<\/p>\n<p>Seguramente todos quisi\u00e9ramos estar mejor y no tengan dudas que trabajamos para eso.<br \/>\nParar, en este momento, no nos acerca a la gente. <\/p>\n<p>Quienes hacen el esfuerzo de pagar sus tasas y quienes aportan para nuestros sueldos a fin de mes, a veces sin saber c\u00f3mo obtendr\u00e1n el suyo, NECESITAN QUE HAGAMOS UN APORTE A LA PAZ GENERAL.  <\/p>\n<p>Parar este martes, NO AYUDAR\u00c1 A QUE ESTEMOS MEJOR, s\u00f3lo le dar\u00e1 mayores argumentos a los que quieren ADELANTAR LA CAMPA\u00d1A pol\u00edtica utilizando a los trabajadores.  <\/p>\n<p>Es JUSTO SEGUIR RECLAMANDO y hemos dado muestras con HECHOS de que cuando se pueden mejorar las condiciones, LO HACEMOS, sin perjudicar el funcionamiento de la administraci\u00f3n.  <\/p>\n<p>POR ELLO, defendamos el derecho de tener trabajo, TRABAJANDO, y  sigamos ejerciendo nuestros derechos  y acompa\u00f1ando a quienes nos necesitan, sin poner en riesgo la tranquilidad que nuestras familias se merecen.<\/p>\n<p>CECILIO SALAZAR<br \/>\nIntendente Municipal<\/p>\n","protected":false},"excerpt":{"rendered":"<p>En una nota enviada a los medios, le hablo a los trabajadores Municipales: \u00abParar, en este momento, no nos acerca a la gente\u00bb y habl\u00f3 de campa\u00f1a pol\u00edtica adelantada, por parte de los sindicatos que \u00abutilizan a los trabajadores\u00bb a tal fin. En la nota el Jefe Comunal expreso: El trabajo se defiende trabajando&#8230; Seguramente [&hellip;]<\/p>\n","protected":false},"author":4,"featured_media":24711,"comment_status":"open","ping_status":"closed","sticky":false,"template":"","format":"standard","meta":{"om_disable_all_campaigns":false,"_jetpack_memberships_contains_paid_content":false,"footnotes":""},"categories":[50,2,102],"tags":[],"class_list":["post-40829","post","type-post","status-publish","format-standard","has-post-thumbnail","hentry","category-destacadas","category-locales","category-politica-locales"],"aioseo_notices":[],"gutentor_comment":0,"jetpack_featured_media_url":"https:\/\/eldiariodesanpedro.com.ar\/sitio\/wp-content\/uploads\/2017\/10\/cecilio-salazar.jpeg","jetpack_shortlink":"https:\/\/wp.me\/p6RhLt-aCx","jetpack_sharing_enabled":true,"_links":{"self":[{"href":"https:\/\/eldiariodesanpedro.com.ar\/sitio\/wp-json\/wp\/v2\/posts\/40829","targetHints":{"allow":["GET"]}}],"collection":[{"href":"https:\/\/eldiariodesanpedro.com.ar\/sitio\/wp-json\/wp\/v2\/posts"}],"about":[{"href":"https:\/\/eldiariodesanpedro.com.ar\/sitio\/wp-json\/wp\/v2\/types\/post"}],"author":[{"embeddable":true,"href":"https:\/\/eldiariodesanpedro.com.ar\/sitio\/wp-json\/wp\/v2\/users\/4"}],"replies":[{"embeddable":true,"href":"https:\/\/eldiariodesanpedro.com.ar\/sitio\/wp-json\/wp\/v2\/comments?post=40829"}],"version-history":[{"count":1,"href":"https:\/\/eldiariodesanpedro.com.ar\/sitio\/wp-json\/wp\/v2\/posts\/40829\/revisions"}],"predecessor-version":[{"id":40830,"href":"https:\/\/eldiariodesanpedro.com.ar\/sitio\/wp-json\/wp\/v2\/posts\/40829\/revisions\/40830"}],"wp:featuredmedia":[{"embeddable":true,"href":"https:\/\/eldiariodesanpedro.com.ar\/sitio\/wp-json\/wp\/v2\/media\/24711"}],"wp:attachment":[{"href":"https:\/\/eldiariodesanpedro.com.ar\/sitio\/wp-json\/wp\/v2\/media?parent=40829"}],"wp:term":[{"taxonomy":"category","embeddable":true,"href":"https:\/\/eldiariodesanpedro.com.ar\/sitio\/wp-json\/wp\/v2\/categories?post=40829"},{"taxonomy":"post_tag","embeddable":true,"href":"https:\/\/eldiariodesanpedro.com.ar\/sitio\/wp-json\/wp\/v2\/tags?post=40829"}],"curies":[{"name":"wp","href":"https:\/\/api.w.org\/{rel}","templated":true}]}}