{"id":40824,"date":"2018-09-24T21:02:00","date_gmt":"2018-09-25T00:02:00","guid":{"rendered":"https:\/\/eldiariodesanpedro.com.ar\/sitio\/?p=40824"},"modified":"2018-09-24T21:02:00","modified_gmt":"2018-09-25T00:02:00","slug":"san-nicolas-se-solicitaron-alrededor-de-80-retiros-voluntarios-en-motomel","status":"publish","type":"post","link":"https:\/\/eldiariodesanpedro.com.ar\/sitio\/san-nicolas-se-solicitaron-alrededor-de-80-retiros-voluntarios-en-motomel\/","title":{"rendered":"SAN NICOL\u00c1S: Se solicitaron alrededor de 80 retiros voluntarios en Motomel"},"content":{"rendered":"<p><!-- VideographyWP Plugin Message: Automatic video embedding prevented by plugin options. --><br \/>\nSe trata de trabajadores contratados y de planta permanente que optan por dejar la empresa a cambio de una indemnizaci\u00f3n que \u2013en la mayor\u00eda de los casos- se paga en varias cuotas. Persiste la incertidumbre sobre el futuro de corto plazo. A partir de hoy se instrumenta un nuevo per\u00edodo de suspensi\u00f3n de personal, que se extender\u00e1 hasta el viernes.<\/p>\n<p>  La crisis que atraviesa la empresa Motomel La Emilia empuja al retiro voluntario a una importante cantidad de operarios que optan por desvincularse de la compa\u00f1\u00eda, como consecuencia de la incertidumbre que se cierne sobre el futuro inmediato de un sector que vive momentos muy complicados.<br \/>\n  De acuerdo a fuentes internas, la masiva opci\u00f3n de acogerse al retiro voluntario ofrecido por la empresa ha sorprendido a propios y extra\u00f1os en virtud de que no s\u00f3lo incluye a operarios contratados sino tambi\u00e9n a personal de planta permanente con 15 a\u00f1os de antig\u00fcedad. Estos \u00faltimos, que a modo de indemnizaci\u00f3n recibir\u00e1n una importante suma de dinero, percibir\u00e1n ese resarcimiento en varias cuotas.<br \/>\n  Este medio supo que son alrededor de 80 los operarios que presentaron el pedido de retiro voluntario, aunque la empresa se encuentra evaluando cada caso en virtud de que tampoco puede desprenderse de personal en sectores que requieren determinada cantidad de operarios para funcionar.<br \/>\n  La semana pasada, este medio hab\u00eda advertido sobre la posibilidad de que muchos trabajadores optaran por el retiro voluntario luego de escuchar el panorama presentado por la empresa en una coyuntura macro muy deprimida. \u201cHay muchos que no dormimos de noche hace varios meses. Tenemos un desgaste mental muy grande, que tambi\u00e9n afecta a nuestras familias. Por eso hoy muchos deciden optar por el retiro, para encontrar un poco de paz\u201d, le confi\u00f3 a EL NORTE un operario al que le comunicaron que su indemnizaci\u00f3n se pagar\u00e1 en seis cuotas. \u201cNo s\u00e9 lo que voy a hacer de ahora en adelante porque tampoco se consigue trabajo en ning\u00fan lado\u201d, coment\u00f3 la misma persona.<\/p>\n<p><strong>Crisis sectorial<\/strong><br \/>\n  La situaci\u00f3n de Motomel no es diferente a la de su competencia. A fines de este mes de septiembre vence el plan de trabajo que la firma Zanella implement\u00f3 durante dos meses en su planta ubicada en Mar del Plata, donde los operarios trabajan s\u00f3lo dos d\u00edas a la semana, percibiendo un 63% del sueldo en bruto.<br \/>\n  En la f\u00e1brica de motos Honda Guerrero de San Lorenzo, los 200 empleados de la planta contin\u00faan con la lucha para que la reestructuraci\u00f3n que anunci\u00f3 la empresa, y que motiv\u00f3 su cierre y reapertura meses atr\u00e1s, no se lleve puesta las fuentes laborales.<br \/>\n  No es muy diferente la situaci\u00f3n en la planta que la firma Corven posee en la localidad de Venado Tuerto, donde los trabajadores conviven con rumores de despidos y cesant\u00edas desde el mes de mayo.<\/p>\n<p><strong>Preocupaci\u00f3n local<\/strong><br \/>\n  San Nicol\u00e1s -y la regi\u00f3n- vive un clima de tensi\u00f3n laboral ya que al dif\u00edcil panorama que atraviesa Motomel deben sumarse los despidos en Bunge Ramallo y los empleos que se pierden en \u00abcuentagotas\u00bb en muchas de las empresas radicadas en el Parque Comirsa.<br \/>\n  De acuerdo al informe publicado por el INDEC la semana pasada, el aglomerado San Nicol\u00e1s-Villa Constituci\u00f3n muestra un fuerte incremento en la \u00abTasa de Desocupaci\u00f3n\u00bb, que pas\u00f3 de 6,6% a 9,0% en la comparativa del primer y segundo trimestre de 2018. Ello obedece \u2013principalmente- a que la demanda laboral aument\u00f3 debido a la incorporaci\u00f3n de j\u00f3venes al mercado laboral, pero la oferta no se activa. De hecho, en la comparativa del primer y segundo trimestre la \u00abPoblaci\u00f3n econ\u00f3micamente Activa\u00bb creci\u00f3 de 80.000 a 82.000. <\/p>\n","protected":false},"excerpt":{"rendered":"<p>Se trata de trabajadores contratados y de planta permanente que optan por dejar la empresa a cambio de una indemnizaci\u00f3n que \u2013en la mayor\u00eda de los casos- se paga en varias cuotas. Persiste la incertidumbre sobre el futuro de corto plazo. A partir de hoy se instrumenta un nuevo per\u00edodo de suspensi\u00f3n de personal, que [&hellip;]<\/p>\n","protected":false},"author":4,"featured_media":40825,"comment_status":"open","ping_status":"closed","sticky":false,"template":"","format":"standard","meta":{"om_disable_all_campaigns":false,"_jetpack_memberships_contains_paid_content":false,"footnotes":""},"categories":[621],"tags":[],"class_list":["post-40824","post","type-post","status-publish","format-standard","has-post-thumbnail","hentry","category-regionales"],"aioseo_notices":[],"gutentor_comment":0,"jetpack_featured_media_url":"https:\/\/eldiariodesanpedro.com.ar\/sitio\/wp-content\/uploads\/2018\/09\/La-crisis-que-atraviesa-Motomel.jpg","jetpack_shortlink":"https:\/\/wp.me\/p6RhLt-aCs","jetpack_sharing_enabled":true,"_links":{"self":[{"href":"https:\/\/eldiariodesanpedro.com.ar\/sitio\/wp-json\/wp\/v2\/posts\/40824","targetHints":{"allow":["GET"]}}],"collection":[{"href":"https:\/\/eldiariodesanpedro.com.ar\/sitio\/wp-json\/wp\/v2\/posts"}],"about":[{"href":"https:\/\/eldiariodesanpedro.com.ar\/sitio\/wp-json\/wp\/v2\/types\/post"}],"author":[{"embeddable":true,"href":"https:\/\/eldiariodesanpedro.com.ar\/sitio\/wp-json\/wp\/v2\/users\/4"}],"replies":[{"embeddable":true,"href":"https:\/\/eldiariodesanpedro.com.ar\/sitio\/wp-json\/wp\/v2\/comments?post=40824"}],"version-history":[{"count":1,"href":"https:\/\/eldiariodesanpedro.com.ar\/sitio\/wp-json\/wp\/v2\/posts\/40824\/revisions"}],"predecessor-version":[{"id":40826,"href":"https:\/\/eldiariodesanpedro.com.ar\/sitio\/wp-json\/wp\/v2\/posts\/40824\/revisions\/40826"}],"wp:featuredmedia":[{"embeddable":true,"href":"https:\/\/eldiariodesanpedro.com.ar\/sitio\/wp-json\/wp\/v2\/media\/40825"}],"wp:attachment":[{"href":"https:\/\/eldiariodesanpedro.com.ar\/sitio\/wp-json\/wp\/v2\/media?parent=40824"}],"wp:term":[{"taxonomy":"category","embeddable":true,"href":"https:\/\/eldiariodesanpedro.com.ar\/sitio\/wp-json\/wp\/v2\/categories?post=40824"},{"taxonomy":"post_tag","embeddable":true,"href":"https:\/\/eldiariodesanpedro.com.ar\/sitio\/wp-json\/wp\/v2\/tags?post=40824"}],"curies":[{"name":"wp","href":"https:\/\/api.w.org\/{rel}","templated":true}]}}