{"id":40821,"date":"2018-09-24T20:42:25","date_gmt":"2018-09-24T23:42:25","guid":{"rendered":"https:\/\/eldiariodesanpedro.com.ar\/sitio\/?p=40821"},"modified":"2018-09-24T20:42:25","modified_gmt":"2018-09-24T23:42:25","slug":"zarate-el-culpable-de-matar-y-huir-en-av-lavalle-imputado-por-homicidio-simple","status":"publish","type":"post","link":"https:\/\/eldiariodesanpedro.com.ar\/sitio\/zarate-el-culpable-de-matar-y-huir-en-av-lavalle-imputado-por-homicidio-simple\/","title":{"rendered":"Z\u00c1RATE: El culpable de matar y huir en Av. Lavalle imputado por homicidio simple"},"content":{"rendered":"<p><!-- VideographyWP Plugin Message: Automatic video embedding prevented by plugin options. --><br \/>\nEn la tarde del s\u00e1bado en las inmediaciones de barrio Los Ceibos de Z\u00e1rate la polic\u00eda atrap\u00f3 al autor del homicidio de Gabriel Carboni. El hombre de 42 a\u00f1os fue atropellado y abandonado en Av. Lavalle y S\u00e1enz Pe\u00f1a.<\/p>\n<p>  Inicialmente en el allanamiento identificaron la camioneta Hilux que denota el v\u00eddeo de las c\u00e1maras de seguridad, con algunos da\u00f1os en la carrocer\u00eda.<br \/>\n  El due\u00f1o del veh\u00edculo identificado como Roberto Galeanl fue detenido por homicidio culposo agravado por abandono de persona. Del operativo fueron participes la DDI Z\u00e1rate Campana, Polic\u00eda local, Comisar\u00eda 1ra, Gabinete Criminol\u00f3gico, y el Fiscal Dr. Alberto Guti\u00e9rrez.<\/p>\n<p>Fuente: Zarate Alerta<\/p>\n","protected":false},"excerpt":{"rendered":"<p>En la tarde del s\u00e1bado en las inmediaciones de barrio Los Ceibos de Z\u00e1rate la polic\u00eda atrap\u00f3 al autor del homicidio de Gabriel Carboni. El hombre de 42 a\u00f1os fue atropellado y abandonado en Av. Lavalle y S\u00e1enz Pe\u00f1a. Inicialmente en el allanamiento identificaron la camioneta Hilux que denota el v\u00eddeo de las c\u00e1maras de [&hellip;]<\/p>\n","protected":false},"author":4,"featured_media":40822,"comment_status":"open","ping_status":"closed","sticky":false,"template":"","format":"standard","meta":{"om_disable_all_campaigns":false,"_jetpack_memberships_contains_paid_content":false,"footnotes":""},"categories":[621],"tags":[],"class_list":["post-40821","post","type-post","status-publish","format-standard","has-post-thumbnail","hentry","category-regionales"],"aioseo_notices":[],"gutentor_comment":0,"jetpack_featured_media_url":"https:\/\/eldiariodesanpedro.com.ar\/sitio\/wp-content\/uploads\/2018\/09\/allanamiento-identificaron-la-camioneta-Hilux.jpg","jetpack_shortlink":"https:\/\/wp.me\/p6RhLt-aCp","jetpack_sharing_enabled":true,"_links":{"self":[{"href":"https:\/\/eldiariodesanpedro.com.ar\/sitio\/wp-json\/wp\/v2\/posts\/40821","targetHints":{"allow":["GET"]}}],"collection":[{"href":"https:\/\/eldiariodesanpedro.com.ar\/sitio\/wp-json\/wp\/v2\/posts"}],"about":[{"href":"https:\/\/eldiariodesanpedro.com.ar\/sitio\/wp-json\/wp\/v2\/types\/post"}],"author":[{"embeddable":true,"href":"https:\/\/eldiariodesanpedro.com.ar\/sitio\/wp-json\/wp\/v2\/users\/4"}],"replies":[{"embeddable":true,"href":"https:\/\/eldiariodesanpedro.com.ar\/sitio\/wp-json\/wp\/v2\/comments?post=40821"}],"version-history":[{"count":1,"href":"https:\/\/eldiariodesanpedro.com.ar\/sitio\/wp-json\/wp\/v2\/posts\/40821\/revisions"}],"predecessor-version":[{"id":40823,"href":"https:\/\/eldiariodesanpedro.com.ar\/sitio\/wp-json\/wp\/v2\/posts\/40821\/revisions\/40823"}],"wp:featuredmedia":[{"embeddable":true,"href":"https:\/\/eldiariodesanpedro.com.ar\/sitio\/wp-json\/wp\/v2\/media\/40822"}],"wp:attachment":[{"href":"https:\/\/eldiariodesanpedro.com.ar\/sitio\/wp-json\/wp\/v2\/media?parent=40821"}],"wp:term":[{"taxonomy":"category","embeddable":true,"href":"https:\/\/eldiariodesanpedro.com.ar\/sitio\/wp-json\/wp\/v2\/categories?post=40821"},{"taxonomy":"post_tag","embeddable":true,"href":"https:\/\/eldiariodesanpedro.com.ar\/sitio\/wp-json\/wp\/v2\/tags?post=40821"}],"curies":[{"name":"wp","href":"https:\/\/api.w.org\/{rel}","templated":true}]}}