{"id":40816,"date":"2018-09-24T20:39:37","date_gmt":"2018-09-24T23:39:37","guid":{"rendered":"https:\/\/eldiariodesanpedro.com.ar\/sitio\/?p=40816"},"modified":"2018-09-24T20:39:37","modified_gmt":"2018-09-24T23:39:37","slug":"baradero-las-carrozas-de-la-indu-y-el-instituto-san-jose-las-ganadoras-de-la-primavera-2018","status":"publish","type":"post","link":"https:\/\/eldiariodesanpedro.com.ar\/sitio\/baradero-las-carrozas-de-la-indu-y-el-instituto-san-jose-las-ganadoras-de-la-primavera-2018\/","title":{"rendered":"BARADERO: Las Carrozas de la Indu y el Instituto San Jos\u00e9 las ganadoras de la \u201cPrimavera 2018\u201d"},"content":{"rendered":"<p><!-- VideographyWP Plugin Message: Automatic video embedding prevented by plugin options. --><br \/>\nLos alumnos de la Escuela de Educaci\u00f3n T\u00e9cnica N\u00b01 y el Instituto San Jos\u00e9 se quedaron con el primer puesto en la edici\u00f3n 2018 de la fiesta que culmin\u00f3 este domingo en Plaza Mitre. <\/p>\n<p>  Ambos colegios terminaron empatados en los resultados y el jurado decidi\u00f3 coronar a ambos con el primer lugar.<br \/>\n  El evento hab\u00eda sido pospuesto por razones clim\u00e1ticas.<br \/>\n  Cerca de las 18 hs de un espl\u00e9ndido domingo comenz\u00f3 la \u00faltima jornada que cont\u00f3 con la participaci\u00f3n de murgas, batucadas, batucaditas y las 4 carrozas de los establecimientos educativos participantes.<br \/>\n  El Jard\u00edn Martha Salotti fue la instituci\u00f3n beneficiada con un subsidio otorgado por la Municipalidad.<\/p>\n","protected":false},"excerpt":{"rendered":"<p>Los alumnos de la Escuela de Educaci\u00f3n T\u00e9cnica N\u00b01 y el Instituto San Jos\u00e9 se quedaron con el primer puesto en la edici\u00f3n 2018 de la fiesta que culmin\u00f3 este domingo en Plaza Mitre. Ambos colegios terminaron empatados en los resultados y el jurado decidi\u00f3 coronar a ambos con el primer lugar. El evento hab\u00eda [&hellip;]<\/p>\n","protected":false},"author":4,"featured_media":40818,"comment_status":"open","ping_status":"closed","sticky":false,"template":"","format":"standard","meta":{"om_disable_all_campaigns":false,"_jetpack_memberships_contains_paid_content":false,"footnotes":""},"categories":[621],"tags":[],"class_list":["post-40816","post","type-post","status-publish","format-standard","has-post-thumbnail","hentry","category-regionales"],"aioseo_notices":[],"gutentor_comment":0,"jetpack_featured_media_url":"https:\/\/eldiariodesanpedro.com.ar\/sitio\/wp-content\/uploads\/2018\/09\/Carrozas-de-la-Indu-y-el-Instituto-San-Jose.jpg","jetpack_shortlink":"https:\/\/wp.me\/p6RhLt-aCk","jetpack_sharing_enabled":true,"_links":{"self":[{"href":"https:\/\/eldiariodesanpedro.com.ar\/sitio\/wp-json\/wp\/v2\/posts\/40816","targetHints":{"allow":["GET"]}}],"collection":[{"href":"https:\/\/eldiariodesanpedro.com.ar\/sitio\/wp-json\/wp\/v2\/posts"}],"about":[{"href":"https:\/\/eldiariodesanpedro.com.ar\/sitio\/wp-json\/wp\/v2\/types\/post"}],"author":[{"embeddable":true,"href":"https:\/\/eldiariodesanpedro.com.ar\/sitio\/wp-json\/wp\/v2\/users\/4"}],"replies":[{"embeddable":true,"href":"https:\/\/eldiariodesanpedro.com.ar\/sitio\/wp-json\/wp\/v2\/comments?post=40816"}],"version-history":[{"count":1,"href":"https:\/\/eldiariodesanpedro.com.ar\/sitio\/wp-json\/wp\/v2\/posts\/40816\/revisions"}],"predecessor-version":[{"id":40820,"href":"https:\/\/eldiariodesanpedro.com.ar\/sitio\/wp-json\/wp\/v2\/posts\/40816\/revisions\/40820"}],"wp:featuredmedia":[{"embeddable":true,"href":"https:\/\/eldiariodesanpedro.com.ar\/sitio\/wp-json\/wp\/v2\/media\/40818"}],"wp:attachment":[{"href":"https:\/\/eldiariodesanpedro.com.ar\/sitio\/wp-json\/wp\/v2\/media?parent=40816"}],"wp:term":[{"taxonomy":"category","embeddable":true,"href":"https:\/\/eldiariodesanpedro.com.ar\/sitio\/wp-json\/wp\/v2\/categories?post=40816"},{"taxonomy":"post_tag","embeddable":true,"href":"https:\/\/eldiariodesanpedro.com.ar\/sitio\/wp-json\/wp\/v2\/tags?post=40816"}],"curies":[{"name":"wp","href":"https:\/\/api.w.org\/{rel}","templated":true}]}}