{"id":40814,"date":"2018-09-24T20:37:13","date_gmt":"2018-09-24T23:37:13","guid":{"rendered":"https:\/\/eldiariodesanpedro.com.ar\/sitio\/?p=40814"},"modified":"2018-09-24T20:37:13","modified_gmt":"2018-09-24T23:37:13","slug":"arrecifes-recibio-la-primavera-con-todo-en-la-estacion","status":"publish","type":"post","link":"https:\/\/eldiariodesanpedro.com.ar\/sitio\/arrecifes-recibio-la-primavera-con-todo-en-la-estacion\/","title":{"rendered":"ARRECIFES: Recibi\u00f3 la primavera con todo en la estaci\u00f3n"},"content":{"rendered":"<p><!-- VideographyWP Plugin Message: Automatic video embedding prevented by plugin options. --><br \/>\nCon una gran cantidad de p\u00fablico, se celebr\u00f3 ayer por la tarde con mucho sol la llegada de la primavera en la Estaci\u00f3n de la Juventud.<\/p>\n<p>  La direcci\u00f3n de Cultura y Educaci\u00f3n de la Municipalidad de Arrecifes program\u00f3 un domingo en el que se disfrutaron shows en vivo, paseo de artesanos y microemprendedores y el tradicional patio de comidas del lugar con sus food trucks, que brindaron un hermoso marco a las numerosas familias que eligieron compartir un lindo d\u00eda al aire libre.<\/p>\n","protected":false},"excerpt":{"rendered":"<p>Con una gran cantidad de p\u00fablico, se celebr\u00f3 ayer por la tarde con mucho sol la llegada de la primavera en la Estaci\u00f3n de la Juventud. La direcci\u00f3n de Cultura y Educaci\u00f3n de la Municipalidad de Arrecifes program\u00f3 un domingo en el que se disfrutaron shows en vivo, paseo de artesanos y microemprendedores y el [&hellip;]<\/p>\n","protected":false},"author":4,"featured_media":40815,"comment_status":"open","ping_status":"closed","sticky":false,"template":"","format":"standard","meta":{"om_disable_all_campaigns":false,"_jetpack_memberships_contains_paid_content":false,"footnotes":""},"categories":[621],"tags":[],"class_list":["post-40814","post","type-post","status-publish","format-standard","has-post-thumbnail","hentry","category-regionales"],"aioseo_notices":[],"gutentor_comment":0,"jetpack_featured_media_url":"https:\/\/eldiariodesanpedro.com.ar\/sitio\/wp-content\/uploads\/2018\/09\/Primavera-en-Arrecifes.jpg","jetpack_shortlink":"https:\/\/wp.me\/p6RhLt-aCi","jetpack_sharing_enabled":true,"_links":{"self":[{"href":"https:\/\/eldiariodesanpedro.com.ar\/sitio\/wp-json\/wp\/v2\/posts\/40814","targetHints":{"allow":["GET"]}}],"collection":[{"href":"https:\/\/eldiariodesanpedro.com.ar\/sitio\/wp-json\/wp\/v2\/posts"}],"about":[{"href":"https:\/\/eldiariodesanpedro.com.ar\/sitio\/wp-json\/wp\/v2\/types\/post"}],"author":[{"embeddable":true,"href":"https:\/\/eldiariodesanpedro.com.ar\/sitio\/wp-json\/wp\/v2\/users\/4"}],"replies":[{"embeddable":true,"href":"https:\/\/eldiariodesanpedro.com.ar\/sitio\/wp-json\/wp\/v2\/comments?post=40814"}],"version-history":[{"count":1,"href":"https:\/\/eldiariodesanpedro.com.ar\/sitio\/wp-json\/wp\/v2\/posts\/40814\/revisions"}],"predecessor-version":[{"id":40817,"href":"https:\/\/eldiariodesanpedro.com.ar\/sitio\/wp-json\/wp\/v2\/posts\/40814\/revisions\/40817"}],"wp:featuredmedia":[{"embeddable":true,"href":"https:\/\/eldiariodesanpedro.com.ar\/sitio\/wp-json\/wp\/v2\/media\/40815"}],"wp:attachment":[{"href":"https:\/\/eldiariodesanpedro.com.ar\/sitio\/wp-json\/wp\/v2\/media?parent=40814"}],"wp:term":[{"taxonomy":"category","embeddable":true,"href":"https:\/\/eldiariodesanpedro.com.ar\/sitio\/wp-json\/wp\/v2\/categories?post=40814"},{"taxonomy":"post_tag","embeddable":true,"href":"https:\/\/eldiariodesanpedro.com.ar\/sitio\/wp-json\/wp\/v2\/tags?post=40814"}],"curies":[{"name":"wp","href":"https:\/\/api.w.org\/{rel}","templated":true}]}}