{"id":40809,"date":"2018-09-24T20:34:46","date_gmt":"2018-09-24T23:34:46","guid":{"rendered":"https:\/\/eldiariodesanpedro.com.ar\/sitio\/?p=40809"},"modified":"2018-09-24T20:34:46","modified_gmt":"2018-09-24T23:34:46","slug":"el-sec-celebro-el-dia-de-los-trabajadores-mercantiles","status":"publish","type":"post","link":"https:\/\/eldiariodesanpedro.com.ar\/sitio\/el-sec-celebro-el-dia-de-los-trabajadores-mercantiles\/","title":{"rendered":"El SEC celebr\u00f3 el d\u00eda de los Trabajadores Mercantiles"},"content":{"rendered":"<p><!-- VideographyWP Plugin Message: Automatic video embedding prevented by plugin options. --><br \/>\nCon una excelente participaci\u00f3n de afiliados el Sindicato de Empleados de Comercio festej\u00f3 su d\u00eda con una celebraci\u00f3n llevada a cabo en Dilvato.<\/p>\n<p>  Los trabajadores mercantiles de San Pedro celebraron su d\u00eda en la noche del domingo mediante una cena show celebrada en el sal\u00f3n de eventos Dilvato. Una buena cantidad de afiliados participaron del festejo que en realidad hab\u00eda sido programado para el d\u00eda 25 pero debido al paro general anunciado para ese d\u00eda se decidi\u00f3 adelantarlo dos d\u00edas. El d\u00eda espec\u00edfico es el pr\u00f3ximo mi\u00e9rcoles 26 de septiembre.<br \/>\n  \u201cCambiamos de fecha para el d\u00eda de hoy por el paro del 25\u201d, se\u00f1al\u00f3 Marcelo Mosteiro, Secretario local del SEC a FM G\u00e9nesis.<\/p>\n<p>  \u201cLo m\u00e1s importante es poder celebrar que en estos tiempos dif\u00edciles que estamos viviendo por lo menos tenemos una distracci\u00f3n y podemos demostrar que nuestro sindicato est\u00e1 creciendo d\u00eda a d\u00eda\u201d.<br \/>\n  \u201cEsto lo demuestra, la cantidad de gente, el acompa\u00f1amiento, y algo fundamental que tiene nuestro sindicato, que es la juventud, muchos afiliados, algo que en estos tiempos eso reconforta a los que somos dirigentes\u201d, destac\u00f3 Mosteiro.<\/p>\n<p>  \u201cHoy tenemos 593 afiliados, pero con una tasa de empleados de comercio activa en blanco que no llega a 1100. Tenemos una tasa alta de sindicalizaci\u00f3n y eso es importante\u201d.<\/p>\n<p>  \u201cHoy en d\u00eda la defensa gremial es fundamental, en esta crisis laboral se torna muy dif\u00edcil trabajar pero estas cosas te gratifican\u201d, afirm\u00f3.<\/p>\n<p>Fuente, Nota y Foto: San Pedro Informa<\/p>\n","protected":false},"excerpt":{"rendered":"<p>Con una excelente participaci\u00f3n de afiliados el Sindicato de Empleados de Comercio festej\u00f3 su d\u00eda con una celebraci\u00f3n llevada a cabo en Dilvato. Los trabajadores mercantiles de San Pedro celebraron su d\u00eda en la noche del domingo mediante una cena show celebrada en el sal\u00f3n de eventos Dilvato. Una buena cantidad de afiliados participaron del [&hellip;]<\/p>\n","protected":false},"author":4,"featured_media":40812,"comment_status":"open","ping_status":"closed","sticky":false,"template":"","format":"standard","meta":{"om_disable_all_campaigns":false,"_jetpack_memberships_contains_paid_content":false,"footnotes":""},"categories":[101,2],"tags":[],"class_list":["post-40809","post","type-post","status-publish","format-standard","has-post-thumbnail","hentry","category-interes-general-locales","category-locales"],"aioseo_notices":[],"gutentor_comment":0,"jetpack_featured_media_url":"https:\/\/eldiariodesanpedro.com.ar\/sitio\/wp-content\/uploads\/2018\/09\/El-SEC-celebro-el-dia-de-los-Trabajadores-Mercantiles.jpg","jetpack_shortlink":"https:\/\/wp.me\/p6RhLt-aCd","jetpack_sharing_enabled":true,"_links":{"self":[{"href":"https:\/\/eldiariodesanpedro.com.ar\/sitio\/wp-json\/wp\/v2\/posts\/40809","targetHints":{"allow":["GET"]}}],"collection":[{"href":"https:\/\/eldiariodesanpedro.com.ar\/sitio\/wp-json\/wp\/v2\/posts"}],"about":[{"href":"https:\/\/eldiariodesanpedro.com.ar\/sitio\/wp-json\/wp\/v2\/types\/post"}],"author":[{"embeddable":true,"href":"https:\/\/eldiariodesanpedro.com.ar\/sitio\/wp-json\/wp\/v2\/users\/4"}],"replies":[{"embeddable":true,"href":"https:\/\/eldiariodesanpedro.com.ar\/sitio\/wp-json\/wp\/v2\/comments?post=40809"}],"version-history":[{"count":1,"href":"https:\/\/eldiariodesanpedro.com.ar\/sitio\/wp-json\/wp\/v2\/posts\/40809\/revisions"}],"predecessor-version":[{"id":40813,"href":"https:\/\/eldiariodesanpedro.com.ar\/sitio\/wp-json\/wp\/v2\/posts\/40809\/revisions\/40813"}],"wp:featuredmedia":[{"embeddable":true,"href":"https:\/\/eldiariodesanpedro.com.ar\/sitio\/wp-json\/wp\/v2\/media\/40812"}],"wp:attachment":[{"href":"https:\/\/eldiariodesanpedro.com.ar\/sitio\/wp-json\/wp\/v2\/media?parent=40809"}],"wp:term":[{"taxonomy":"category","embeddable":true,"href":"https:\/\/eldiariodesanpedro.com.ar\/sitio\/wp-json\/wp\/v2\/categories?post=40809"},{"taxonomy":"post_tag","embeddable":true,"href":"https:\/\/eldiariodesanpedro.com.ar\/sitio\/wp-json\/wp\/v2\/tags?post=40809"}],"curies":[{"name":"wp","href":"https:\/\/api.w.org\/{rel}","templated":true}]}}