{"id":40802,"date":"2018-09-24T20:28:27","date_gmt":"2018-09-24T23:28:27","guid":{"rendered":"https:\/\/eldiariodesanpedro.com.ar\/sitio\/?p=40802"},"modified":"2026-01-24T00:10:50","modified_gmt":"2026-01-24T03:10:50","slug":"automovilismo-junior-quedo-fuera-de-carrera-por-un-toque","status":"publish","type":"post","link":"https:\/\/eldiariodesanpedro.com.ar\/sitio\/automovilismo-junior-quedo-fuera-de-carrera-por-un-toque\/","title":{"rendered":"AUTOMOVILISMO: Junior qued\u00f3 fuera de carrera por un toque"},"content":{"rendered":"<p><!-- VideographyWP Plugin Message: Automatic video embedding prevented by plugin options. --><br \/>\nCon toda la bronca se qued\u00f3 Junior Solmi luego de un fin de semana con altas y bajas en su m\u00e1quina, pero con toda la ilusi\u00f3n de pelear arriba en la carrera de La Plata.<\/p>\n<p>  Cuando se realizaba la quinta vuelta de la final, fue tocado desde atr\u00e1s por Federico Gaita, quien luego por esa acci\u00f3n fue excluido. Solmi pudo volver a pista, pero por muy poco, ya que debi\u00f3 desertar.<\/p>\n<p>  Lucas Granja logr\u00f3 su cuarto triunfo en la temporada y es l\u00edder absoluto en TC Pista Mouras.<br \/>\n  El piloto del Quilmes Plas volvi\u00f3 a festejar en la categor\u00eda. Su \u00faltima victoria fue el 22 de julio, -tambi\u00e9n en el aut\u00f3dromo Roberto Mouras de La Plata- y con esta sum\u00f3 su cuarto triunfo en el campeonato. De esta manera, Granja se ubica primero en la Copa Coronaci\u00f3n de Plata con 124,5 puntos. Lucas Carabajal, que lider\u00f3 la prueba durante dos vueltas y luego abandon\u00f3 por una rotura de motor, lo escolta a Granja a 44 unidades.<\/p>\n<p>  Juan Ignacio Maceira, de gran funcionamiento durante todo el fin de semana, subi\u00f3 al podio tras finalizar segundo. El representante del JP Carrera, Diego Mart\u00ednez, arrib\u00f3 en tercer lugar (adem\u00e1s est\u00e1 tercero en la Copa Coronaci\u00f3n de Plata).<\/p>\n","protected":false},"excerpt":{"rendered":"<p>Con toda la bronca se qued\u00f3 Junior Solmi luego de un fin de semana con altas y bajas en su m\u00e1quina, pero con toda la ilusi\u00f3n de pelear arriba en la carrera de La Plata. Cuando se realizaba la quinta vuelta de la final, fue tocado desde atr\u00e1s por Federico Gaita, quien luego por esa [&hellip;]<\/p>\n","protected":false},"author":4,"featured_media":40804,"comment_status":"open","ping_status":"closed","sticky":false,"template":"","format":"standard","meta":{"om_disable_all_campaigns":false,"_jetpack_memberships_contains_paid_content":false,"footnotes":""},"categories":[5],"tags":[],"class_list":["post-40802","post","type-post","status-publish","format-standard","has-post-thumbnail","hentry","category-deportes"],"aioseo_notices":[],"gutentor_comment":0,"jetpack_featured_media_url":"https:\/\/eldiariodesanpedro.com.ar\/sitio\/wp-content\/uploads\/2018\/09\/Junior-Solmi-.jpg","jetpack_shortlink":"https:\/\/wp.me\/p6RhLt-aC6","jetpack_sharing_enabled":true,"_links":{"self":[{"href":"https:\/\/eldiariodesanpedro.com.ar\/sitio\/wp-json\/wp\/v2\/posts\/40802","targetHints":{"allow":["GET"]}}],"collection":[{"href":"https:\/\/eldiariodesanpedro.com.ar\/sitio\/wp-json\/wp\/v2\/posts"}],"about":[{"href":"https:\/\/eldiariodesanpedro.com.ar\/sitio\/wp-json\/wp\/v2\/types\/post"}],"author":[{"embeddable":true,"href":"https:\/\/eldiariodesanpedro.com.ar\/sitio\/wp-json\/wp\/v2\/users\/4"}],"replies":[{"embeddable":true,"href":"https:\/\/eldiariodesanpedro.com.ar\/sitio\/wp-json\/wp\/v2\/comments?post=40802"}],"version-history":[{"count":1,"href":"https:\/\/eldiariodesanpedro.com.ar\/sitio\/wp-json\/wp\/v2\/posts\/40802\/revisions"}],"predecessor-version":[{"id":40807,"href":"https:\/\/eldiariodesanpedro.com.ar\/sitio\/wp-json\/wp\/v2\/posts\/40802\/revisions\/40807"}],"wp:featuredmedia":[{"embeddable":true,"href":"https:\/\/eldiariodesanpedro.com.ar\/sitio\/wp-json\/wp\/v2\/media\/40804"}],"wp:attachment":[{"href":"https:\/\/eldiariodesanpedro.com.ar\/sitio\/wp-json\/wp\/v2\/media?parent=40802"}],"wp:term":[{"taxonomy":"category","embeddable":true,"href":"https:\/\/eldiariodesanpedro.com.ar\/sitio\/wp-json\/wp\/v2\/categories?post=40802"},{"taxonomy":"post_tag","embeddable":true,"href":"https:\/\/eldiariodesanpedro.com.ar\/sitio\/wp-json\/wp\/v2\/tags?post=40802"}],"curies":[{"name":"wp","href":"https:\/\/api.w.org\/{rel}","templated":true}]}}